{"id":2899,"date":"2023-06-26T23:52:36","date_gmt":"2023-06-27T02:52:36","guid":{"rendered":"https:\/\/horapicodigital.com.ar\/?p=2899"},"modified":"2023-06-26T23:52:36","modified_gmt":"2023-06-27T02:52:36","slug":"segundo-encuentro-sobre-biotecnologia-y-formacion-de-bioemprendimientos","status":"publish","type":"post","link":"https:\/\/horapicodigital.com.ar\/index.php\/2023\/06\/26\/segundo-encuentro-sobre-biotecnologia-y-formacion-de-bioemprendimientos\/","title":{"rendered":"Segundo Encuentro sobre biotecnolog\u00eda y formaci\u00f3n de bioemprendimientos"},"content":{"rendered":"\n<p>Las disertaciones estar\u00e1n a cargo de Florencia Arroyo y Mart\u00edn Vargas, Co-Founders &amp; CEOs de Estaci\u00f3n de Biotecnolog\u00eda E.B.A.<\/p>\n\n\n\n<p>Luego de la primera instancia que cont\u00f3 con numerosos interesados, la Agencia organiz\u00f3 el segundo encuentro para este mi\u00e9rcoles 28 de junio, de 17 a 19 horas, en instalaciones del Colegio de Ingenieros de Jujuy (en calle Belgrano 969, 2\u00b0 piso) de ciudad capital.<\/p>\n\n\n\n<p>En este marco, la Secretaria Ejecutiva de la Agencia, ing. Miriam Serrano, record\u00f3 que la invitaci\u00f3n es dirigida a quienes cursen los \u00faltimos a\u00f1os en escuelas agrot\u00e9cnicas, a quienes se encuentren en los primeros a\u00f1os de carreras afines, y a todo p\u00fablico interesado en la tem\u00e1tica.<\/p>\n\n\n\n<p>Asimismo, recalc\u00f3 que quienes participen podr\u00e1n recabar valiosa informaci\u00f3n sobre los alcances y el potencial de la biotecnolog\u00eda, as\u00ed como analizar y acceder a valiosas herramientas y generar oportunidades para el armado de bioemprendimientos.&nbsp;<\/p>\n\n\n\n<p>Finalmente, precis\u00f3 que las personas interesadas pueden inscribirse previamente a trav\u00e9s del formulario https:<a href=\"https:\/\/docs.google.com\/forms\/d\/e\/1FAIpQLSenNFOWOxj6vn0DdCJP5Ru6X95nYY7EI3S_zXxSxx69J9frJw\/viewform?pli=1\" target=\"_blank\" rel=\"noreferrer noopener\">\/\/forms.gle\/USrY985adGjoyTYw5<\/a><\/p>\n","protected":false},"excerpt":{"rendered":"<p>Las disertaciones estar\u00e1n a cargo de Florencia Arroyo y Mart\u00edn Vargas, Co-Founders &amp; CEOs de Estaci\u00f3n de Biotecnolog\u00eda E.B.A. Luego de la primera instancia que cont\u00f3 con numerosos interesados, la Agencia organiz\u00f3 el segundo encuentro para este mi\u00e9rcoles 28 de junio, de 17 a 19 horas, en instalaciones del Colegio de Ingenieros de Jujuy (en [&hellip;]<\/p>\n","protected":false},"author":6,"featured_media":2900,"comment_status":"open","ping_status":"open","sticky":false,"template":"","format":"standard","meta":{"_themeisle_gutenberg_block_has_review":false,"footnotes":""},"categories":[248,32],"tags":[534,535,533],"class_list":["post-2899","post","type-post","status-publish","format-standard","has-post-thumbnail","hentry","category-educacion","category-locales","tag-biotecnologia","tag-emprendimientos","tag-encuentro"],"_links":{"self":[{"href":"https:\/\/horapicodigital.com.ar\/index.php\/wp-json\/wp\/v2\/posts\/2899","targetHints":{"allow":["GET"]}}],"collection":[{"href":"https:\/\/horapicodigital.com.ar\/index.php\/wp-json\/wp\/v2\/posts"}],"about":[{"href":"https:\/\/horapicodigital.com.ar\/index.php\/wp-json\/wp\/v2\/types\/post"}],"author":[{"embeddable":true,"href":"https:\/\/horapicodigital.com.ar\/index.php\/wp-json\/wp\/v2\/users\/6"}],"replies":[{"embeddable":true,"href":"https:\/\/horapicodigital.com.ar\/index.php\/wp-json\/wp\/v2\/comments?post=2899"}],"version-history":[{"count":1,"href":"https:\/\/horapicodigital.com.ar\/index.php\/wp-json\/wp\/v2\/posts\/2899\/revisions"}],"predecessor-version":[{"id":2901,"href":"https:\/\/horapicodigital.com.ar\/index.php\/wp-json\/wp\/v2\/posts\/2899\/revisions\/2901"}],"wp:featuredmedia":[{"embeddable":true,"href":"https:\/\/horapicodigital.com.ar\/index.php\/wp-json\/wp\/v2\/media\/2900"}],"wp:attachment":[{"href":"https:\/\/horapicodigital.com.ar\/index.php\/wp-json\/wp\/v2\/media?parent=2899"}],"wp:term":[{"taxonomy":"category","embeddable":true,"href":"https:\/\/horapicodigital.com.ar\/index.php\/wp-json\/wp\/v2\/categories?post=2899"},{"taxonomy":"post_tag","embeddable":true,"href":"https:\/\/horapicodigital.com.ar\/index.php\/wp-json\/wp\/v2\/tags?post=2899"}],"curies":[{"name":"wp","href":"https:\/\/api.w.org\/{rel}","templated":true}]}}