{"id":2893,"date":"2023-06-26T23:47:16","date_gmt":"2023-06-27T02:47:16","guid":{"rendered":"https:\/\/horapicodigital.com.ar\/?p=2893"},"modified":"2023-06-26T23:47:16","modified_gmt":"2023-06-27T02:47:16","slug":"curso-con-puntaje-docente-sobre-educacion-vial","status":"publish","type":"post","link":"https:\/\/horapicodigital.com.ar\/index.php\/2023\/06\/26\/curso-con-puntaje-docente-sobre-educacion-vial\/","title":{"rendered":"Curso con puntaje docente sobre Educaci\u00f3n Vial"},"content":{"rendered":"\n<p>En el marco del convenio realizado entre la Agencia Nacional de Seguridad Vial, los Ministerio de Educaci\u00f3n y de Seguridad de la provincia se llevar\u00e1 a cabo el curso \u00abAbordaje de la Educaci\u00f3n Vial desde la Formaci\u00f3n Docente\u201d con el prop\u00f3sito de implementar y desarrollar acciones para promover la educaci\u00f3n vial en los \u00e1mbitos educativos y dar cumplimento con el Plan Federal de Educaci\u00f3n Vial 2022\/2023.<\/p>\n\n\n\n<p>La modalidad del cursado es con instancia presencial y virtual. Es importante tener en cuenta que el curso cuenta con un cupo limitado de docentes, los cuales podr\u00e1n optar por inscribirse en el Grupo 1 o en el Grupo 2.<\/p>\n\n\n\n<p>El&nbsp;<strong>curso<\/strong>&nbsp;para el&nbsp;<strong>Grupo 1&nbsp;<\/strong>dar\u00e1 inicio con la modalidad presencial, el lunes 3 de julio en el Teatro Mitre de 09:00 a 16:00 horas y continuar\u00e1 con la modalidad virtual el d\u00eda 5 de julio de 18:00 a 20:00 horas.<\/p>\n\n\n\n<ul class=\"wp-block-list\">\n<li>El&nbsp;<strong>link de inscripci\u00f3n&nbsp;<\/strong>para dicho grupo es el siguiente:<\/li>\n<\/ul>\n\n\n\n<p><a href=\"https:\/\/docs.google.com\/forms\/d\/e\/1FAIpQLSedxwcTkIDWtvqhM5Wvu3wjQqccvXHS1t2h4OIidCiGhb0OUQ\/viewform?pli=1\">https:\/\/docs.google.com\/forms\/d\/e\/1FAIpQLSedxwcTkIDWtvqhM5Wvu3wjQqccvXHS1t2h4OIidCiGhb0OUQ\/viewform?pli=1<\/a><\/p>\n\n\n\n<p>El&nbsp;<strong>Grupo 2&nbsp;<\/strong>tendr\u00e1 su primer encuentro el martes 4 de julio en el Teatro Mitre de 09:00 a 16:00 horas y su encuentro virtual ser\u00e1 el 6 de julio de 18:00 a 20:00 horas.<\/p>\n\n\n\n<ul class=\"wp-block-list\">\n<li>El&nbsp;<strong>link de inscripci\u00f3n<\/strong>&nbsp;para dicho grupo es el siguiente:<\/li>\n<\/ul>\n\n\n\n<p><a href=\"https:\/\/docs.google.com\/forms\/d\/e\/1FAIpQLSfrpPC25qnJerPCCs6ReI-H_s1PBAtfAH6RVRWA0oMneqLccw\/viewform\">https:\/\/docs.google.com\/forms\/d\/e\/1FAIpQLSfrpPC25qnJerPCCs6ReI-H_s1PBAtfAH6RVRWA0oMneqLccw\/viewform<\/a><\/p>\n\n\n\n<p>Las tem\u00e1ticas que se abordar\u00e1n son: Perspectiva Social y Cultural de la Seguridad Vial; Trabajo con herramientas para el abordaje de la Educaci\u00f3n Vial; La problem\u00e1tica del no uso de casco. creencias y representaciones sociales de la moto y sus modos de circulaci\u00f3n en los argentinos, y charlas de sensibilizaci\u00f3n sobre los efectos del consumo de alcohol vinculados a la Seguridad Vial.&nbsp;<\/p>\n\n\n\n<p>Cabe destacar que el curso est\u00e1 destinado a todos\/as los\/as docentes de los diferentes niveles educativos de la provincia y contar\u00e1 con una carga horaria de 40 horas c\u00e1tedra.<\/p>\n","protected":false},"excerpt":{"rendered":"<p>En el marco del convenio realizado entre la Agencia Nacional de Seguridad Vial, los Ministerio de Educaci\u00f3n y de Seguridad de la provincia se llevar\u00e1 a cabo el curso \u00abAbordaje de la Educaci\u00f3n Vial desde la Formaci\u00f3n Docente\u201d con el prop\u00f3sito de implementar y desarrollar acciones para promover la educaci\u00f3n vial en los \u00e1mbitos educativos [&hellip;]<\/p>\n","protected":false},"author":6,"featured_media":2894,"comment_status":"open","ping_status":"open","sticky":false,"template":"","format":"standard","meta":{"_themeisle_gutenberg_block_has_review":false,"footnotes":""},"categories":[248,32],"tags":[482,251,58,529,528],"class_list":["post-2893","post","type-post","status-publish","format-standard","has-post-thumbnail","hentry","category-educacion","category-locales","tag-cursos","tag-educacion-2","tag-jujuy","tag-puntaje","tag-vial"],"_links":{"self":[{"href":"https:\/\/horapicodigital.com.ar\/index.php\/wp-json\/wp\/v2\/posts\/2893","targetHints":{"allow":["GET"]}}],"collection":[{"href":"https:\/\/horapicodigital.com.ar\/index.php\/wp-json\/wp\/v2\/posts"}],"about":[{"href":"https:\/\/horapicodigital.com.ar\/index.php\/wp-json\/wp\/v2\/types\/post"}],"author":[{"embeddable":true,"href":"https:\/\/horapicodigital.com.ar\/index.php\/wp-json\/wp\/v2\/users\/6"}],"replies":[{"embeddable":true,"href":"https:\/\/horapicodigital.com.ar\/index.php\/wp-json\/wp\/v2\/comments?post=2893"}],"version-history":[{"count":1,"href":"https:\/\/horapicodigital.com.ar\/index.php\/wp-json\/wp\/v2\/posts\/2893\/revisions"}],"predecessor-version":[{"id":2895,"href":"https:\/\/horapicodigital.com.ar\/index.php\/wp-json\/wp\/v2\/posts\/2893\/revisions\/2895"}],"wp:featuredmedia":[{"embeddable":true,"href":"https:\/\/horapicodigital.com.ar\/index.php\/wp-json\/wp\/v2\/media\/2894"}],"wp:attachment":[{"href":"https:\/\/horapicodigital.com.ar\/index.php\/wp-json\/wp\/v2\/media?parent=2893"}],"wp:term":[{"taxonomy":"category","embeddable":true,"href":"https:\/\/horapicodigital.com.ar\/index.php\/wp-json\/wp\/v2\/categories?post=2893"},{"taxonomy":"post_tag","embeddable":true,"href":"https:\/\/horapicodigital.com.ar\/index.php\/wp-json\/wp\/v2\/tags?post=2893"}],"curies":[{"name":"wp","href":"https:\/\/api.w.org\/{rel}","templated":true}]}}