{"id":2852,"date":"2023-06-22T23:50:17","date_gmt":"2023-06-23T02:50:17","guid":{"rendered":"https:\/\/horapicodigital.com.ar\/?p=2852"},"modified":"2023-06-22T23:50:18","modified_gmt":"2023-06-23T02:50:18","slug":"milagro-en-la-selva-petro-anuncio-que-se-hara-un-documental-sobre-el-rescate-de-los-4-ninos-perdidos","status":"publish","type":"post","link":"https:\/\/horapicodigital.com.ar\/index.php\/2023\/06\/22\/milagro-en-la-selva-petro-anuncio-que-se-hara-un-documental-sobre-el-rescate-de-los-4-ninos-perdidos\/","title":{"rendered":"\u00abMilagro en la selva\u00bb:\u00a0Petro anunci\u00f3 que se har\u00e1 un documental sobre el rescate de los 4 ni\u00f1os perdidos"},"content":{"rendered":"\n<p>El\u00a0\u00abmilagro en la selva\u00bb\u00a0tendr\u00e1 un documental. El presidente de Colombia, Gustavo Petro, anunci\u00f3 en Francia que se realizar\u00e1 un documental de la Operaci\u00f3n Esperanza que encontr\u00f3 a los\u00a0ni\u00f1os\u00a0que pasaron m\u00e1s de un mes en la profundidad de la selva.<\/p>\n\n\n\n<p>El\u00a0primer mandatario\u00a0lo anunci\u00f3 trav\u00e9s de su cuenta personal de Twitter y revel\u00f3 que el mismo se centrar\u00e1 en el caso puntual de Lesly, de 13 a\u00f1os; Soleiny, de 9 a\u00f1os; Tien, de 4 a\u00f1os, y Crist\u00edn, de tan solo 1 a\u00f1o de edad.<\/p>\n\n\n\n<p><img decoding=\"async\" src=\"https:\/\/www.canal26.com\/media\/image\/2023\/06\/16\/547661.jpg\" alt=\"Los ni\u00f1os rescatados durante su traslado. Fuente: EFE.\"><strong><em>Los ni\u00f1os rescatados durante su traslado. Fuente: EFE.<\/em><\/strong>\u00a0<\/p>\n\n\n\n<h2 class=\"wp-block-heading\">El cuadro actual de los menores<\/h2>\n\n\n\n<p>Los cuatro ni\u00f1os presentan cuadros de desnutrici\u00f3n, as\u00ed como picaduras de insectos y todav\u00eda est\u00e1n en el Hospital Militar, a donde fueron llevados.<\/p>\n\n\n\n<blockquote class=\"wp-block-quote is-layout-flow wp-block-quote-is-layout-flow\">\n<p>\u00abSe&nbsp;<strong>establece un marco de recuperaci\u00f3n<\/strong>&nbsp;con resultados positivos en referencia del proceso progresivo nutricional, con mejor\u00eda en variables de apetito, ganancia de peso y una adecuada tolerancia a la ingesta alimenticia con notables indicadores de recuperaci\u00f3n\u00bb, se\u00f1alaron las autoridades del hospital a trav\u00e9s de un comunicado de prensa.<\/p>\n<\/blockquote>\n\n\n\n<p><img decoding=\"async\" src=\"https:\/\/www.canal26.com\/media\/image\/2023\/06\/16\/547660.jpg\" alt=\"Soldados e ind\u00edgenas junto a los ni\u00f1os rescatados tras 40 d\u00edas en la selva. Fuente: EFE.\"><strong><em>Soldados e ind\u00edgenas junto a los ni\u00f1os rescatados tras 40 d\u00edas en la selva. Fuente: EFE.<\/em><\/strong><\/p>\n\n\n\n<blockquote class=\"wp-block-quote is-layout-flow wp-block-quote-is-layout-flow\">\n<p>\u00abActualmente, los&nbsp;<strong>cuadros infecciosos identificados<\/strong>&nbsp;se encuentran en v\u00edas de resoluci\u00f3n a trav\u00e9s de cada uno de los tratamientos establecidos por las diferentes especialidades, identific\u00e1ndose una evoluci\u00f3n estable. Se mantienen los aislamientos respectivos, respiratorios y de contacto, debido al alto riesgo secundario de su estado nutricional de base que condiciona el riesgo de otras infecciones, por lo que contin\u00faan en seguimiento interdisciplinario\u00bb, recalc\u00f3 el Hospital Militar.<\/p>\n<\/blockquote>\n\n\n\n<blockquote class=\"wp-block-quote is-layout-flow wp-block-quote-is-layout-flow\">\n<p>Adem\u00e1s, informaron que&nbsp;<strong>contin\u00faan haciendo unas labores de verificaci\u00f3n<\/strong>&nbsp;en lo que tiene que ver con infecciones, \u00ablo que ha permitido una evoluci\u00f3n en su estado de salud, pero es necesario avanzar en otros problemas principalmente infecciosos, dada la condici\u00f3n nutricional en la que fueron encontrados los menores\u00bb.<\/p>\n<\/blockquote>\n\n\n\n<p><\/p>\n\n\n\n<p><\/p>\n","protected":false},"excerpt":{"rendered":"<p>El\u00a0\u00abmilagro en la selva\u00bb\u00a0tendr\u00e1 un documental. El presidente de Colombia, Gustavo Petro, anunci\u00f3 en Francia que se realizar\u00e1 un documental de la Operaci\u00f3n Esperanza que encontr\u00f3 a los\u00a0ni\u00f1os\u00a0que pasaron m\u00e1s de un mes en la profundidad de la selva. El\u00a0primer mandatario\u00a0lo anunci\u00f3 trav\u00e9s de su cuenta personal de Twitter y revel\u00f3 que el mismo se [&hellip;]<\/p>\n","protected":false},"author":6,"featured_media":2853,"comment_status":"open","ping_status":"open","sticky":false,"template":"","format":"standard","meta":{"_themeisle_gutenberg_block_has_review":false,"footnotes":""},"categories":[7,4],"tags":[517,19],"class_list":["post-2852","post","type-post","status-publish","format-standard","has-post-thumbnail","hentry","category-mundo","category-noticias","tag-milagro","tag-mundo"],"_links":{"self":[{"href":"https:\/\/horapicodigital.com.ar\/index.php\/wp-json\/wp\/v2\/posts\/2852","targetHints":{"allow":["GET"]}}],"collection":[{"href":"https:\/\/horapicodigital.com.ar\/index.php\/wp-json\/wp\/v2\/posts"}],"about":[{"href":"https:\/\/horapicodigital.com.ar\/index.php\/wp-json\/wp\/v2\/types\/post"}],"author":[{"embeddable":true,"href":"https:\/\/horapicodigital.com.ar\/index.php\/wp-json\/wp\/v2\/users\/6"}],"replies":[{"embeddable":true,"href":"https:\/\/horapicodigital.com.ar\/index.php\/wp-json\/wp\/v2\/comments?post=2852"}],"version-history":[{"count":1,"href":"https:\/\/horapicodigital.com.ar\/index.php\/wp-json\/wp\/v2\/posts\/2852\/revisions"}],"predecessor-version":[{"id":2854,"href":"https:\/\/horapicodigital.com.ar\/index.php\/wp-json\/wp\/v2\/posts\/2852\/revisions\/2854"}],"wp:featuredmedia":[{"embeddable":true,"href":"https:\/\/horapicodigital.com.ar\/index.php\/wp-json\/wp\/v2\/media\/2853"}],"wp:attachment":[{"href":"https:\/\/horapicodigital.com.ar\/index.php\/wp-json\/wp\/v2\/media?parent=2852"}],"wp:term":[{"taxonomy":"category","embeddable":true,"href":"https:\/\/horapicodigital.com.ar\/index.php\/wp-json\/wp\/v2\/categories?post=2852"},{"taxonomy":"post_tag","embeddable":true,"href":"https:\/\/horapicodigital.com.ar\/index.php\/wp-json\/wp\/v2\/tags?post=2852"}],"curies":[{"name":"wp","href":"https:\/\/api.w.org\/{rel}","templated":true}]}}