{"id":2532,"date":"2023-06-07T00:27:44","date_gmt":"2023-06-07T03:27:44","guid":{"rendered":"https:\/\/horapicodigital.com.ar\/?p=2532"},"modified":"2023-06-07T00:27:44","modified_gmt":"2023-06-07T03:27:44","slug":"alumnos-del-cdi-municipal-mary-ferrin-accedieron-al-control-de-revisacion-medica","status":"publish","type":"post","link":"https:\/\/horapicodigital.com.ar\/index.php\/2023\/06\/07\/alumnos-del-cdi-municipal-mary-ferrin-accedieron-al-control-de-revisacion-medica\/","title":{"rendered":"Alumnos del CDI municipal \u201cMary Ferrin\u201d accedieron al control de revisaci\u00f3n m\u00e9dica"},"content":{"rendered":"\n<p class=\"wp-block-paragraph\">En materia de promoci\u00f3n de la salud y prevenci\u00f3n de enfermedades, la Secretar\u00eda de Desarrollo Humano del municipio de la ciudad, contin\u00faa realizando la ficha de control de salud en los infantes de los nueve CDI municipales, incorporando estudios odontol\u00f3gicos y medicina preventiva, como se realiz\u00f3 en los ni\u00f1os y ni\u00f1as del CDI \u201cMary Ferrin\u201d acompa\u00f1ados de sus padres.<\/p>\n\n\n\n<p class=\"wp-block-paragraph\">Supervisando la tarea, el titular de la secretaria mencionada, Rodrigo Altea, sostuvo qu<strong><em>e\u00a0<\/em><\/strong><em><strong>\u201cla <\/strong><\/em><strong><em>Municipalidad viene realizando todo lo que es relacionado al control de la salud, abordando las primeras infancias como as\u00ed tambi\u00e9n con la territorialidad de las distintas franjas etarias\u00a0ni\u00f1os, ni\u00f1as y adolescentes\u201d<\/em><\/strong><em>.<\/em><\/p>\n\n\n\n<p class=\"wp-block-paragraph\">Record\u00f3 el primer control realizado en el nivel inicial de la escuela municipal \u201cMarina Vite\u201d, a trav\u00e9s de la Direcci\u00f3n de Medicina Preventiva y la coordinaci\u00f3n de Odontolog\u00eda,&nbsp;<strong><em>\u201cllevando adelante un control de salud en los ni\u00f1os que asisten a los CDI del municipio, y as\u00ed los padres recibir un control adecuado del estado de salud general de los ni\u00f1os\u201d.<\/em><\/strong><\/p>\n\n\n<div class=\"wp-block-image\">\n<figure class=\"aligncenter size-large\"><img loading=\"lazy\" decoding=\"async\" width=\"1024\" height=\"703\" src=\"https:\/\/horapicodigital.com.ar\/wp-content\/uploads\/2023\/06\/Escuela-Ferrin-1024x703.jpg\" alt=\"\" class=\"wp-image-2533\" srcset=\"https:\/\/horapicodigital.com.ar\/wp-content\/uploads\/2023\/06\/Escuela-Ferrin-1024x703.jpg 1024w, https:\/\/horapicodigital.com.ar\/wp-content\/uploads\/2023\/06\/Escuela-Ferrin-300x206.jpg 300w, https:\/\/horapicodigital.com.ar\/wp-content\/uploads\/2023\/06\/Escuela-Ferrin-768x528.jpg 768w, https:\/\/horapicodigital.com.ar\/wp-content\/uploads\/2023\/06\/Escuela-Ferrin.jpg 1536w\" sizes=\"auto, (max-width: 1024px) 100vw, 1024px\" \/><\/figure>\n<\/div>\n\n\n<p class=\"wp-block-paragraph\">Resalt\u00f3 en este marco, qu<em>e <\/em><strong><em>\u201clos resultados han sido \u00f3ptimos y es imprescindible este tipo de control, de brindar un servicio por la cuesti\u00f3n de conocimiento del estado de salud general de los ni\u00f1os y ni\u00f1as, que a la vez nos brindan indicativos para ser compartidos con el Ministerio de Salud y acceder a las condiciones de la salud p\u00fablica de la poblaci\u00f3n en general\u201d<\/em><\/strong>, manifest\u00f3 Altea.<\/p>\n\n\n\n<p class=\"wp-block-paragraph\">Por su parte, Daniela Alba, coordinadora de Salud P\u00fablica y Atenciones Promocionales, detall\u00f3 que se trata de la primera etapa realizando el relevamiento odontol\u00f3gico dentro de una ficha de salud integral.<\/p>\n\n\n\n<figure class=\"wp-block-image size-large\"><img loading=\"lazy\" decoding=\"async\" width=\"1024\" height=\"580\" src=\"https:\/\/horapicodigital.com.ar\/wp-content\/uploads\/2023\/06\/Escuela-Ferrin1-1024x580.jpg\" alt=\"\" class=\"wp-image-2534\" srcset=\"https:\/\/horapicodigital.com.ar\/wp-content\/uploads\/2023\/06\/Escuela-Ferrin1-1024x580.jpg 1024w, https:\/\/horapicodigital.com.ar\/wp-content\/uploads\/2023\/06\/Escuela-Ferrin1-300x170.jpg 300w, https:\/\/horapicodigital.com.ar\/wp-content\/uploads\/2023\/06\/Escuela-Ferrin1-768x435.jpg 768w, https:\/\/horapicodigital.com.ar\/wp-content\/uploads\/2023\/06\/Escuela-Ferrin1.jpg 1536w\" sizes=\"auto, (max-width: 1024px) 100vw, 1024px\" \/><\/figure>\n\n\n\n<p class=\"wp-block-paragraph\">En este contexto, puntualiz\u00f3 que primeramente se realizar\u00e1 el control odontol\u00f3gico en todos los CDI,\u00a0continuando\u00a0<em>el mi\u00e9rcoles 7 en el CDI Casa del Ni\u00f1o Delfrari<\/em>; el jueves 8 y viernes 9 en el CDI Santa Rita, Carita de Luna y Gladis Sivila.<\/p>\n\n\n\n<p class=\"wp-block-paragraph\">En tanto el lunes 12 de junio, el control de la ficha continuar\u00e1 en CDI Mimitos; martes 13 y mi\u00e9rcoles 14 en CDI Olivia Molina; el 14 y 15 de junio en el CDI Tiempo de Juego y CDI Pata Pila.<\/p>\n\n\n<div class=\"wp-block-image\">\n<figure class=\"aligncenter size-large\"><img loading=\"lazy\" decoding=\"async\" width=\"1024\" height=\"678\" src=\"https:\/\/horapicodigital.com.ar\/wp-content\/uploads\/2023\/06\/Escuela-Ferrin2-1024x678.jpg\" alt=\"\" class=\"wp-image-2535\" srcset=\"https:\/\/horapicodigital.com.ar\/wp-content\/uploads\/2023\/06\/Escuela-Ferrin2-1024x678.jpg 1024w, https:\/\/horapicodigital.com.ar\/wp-content\/uploads\/2023\/06\/Escuela-Ferrin2-300x199.jpg 300w, https:\/\/horapicodigital.com.ar\/wp-content\/uploads\/2023\/06\/Escuela-Ferrin2-768x509.jpg 768w, https:\/\/horapicodigital.com.ar\/wp-content\/uploads\/2023\/06\/Escuela-Ferrin2.jpg 1536w\" sizes=\"auto, (max-width: 1024px) 100vw, 1024px\" \/><\/figure>\n<\/div>\n\n\n<p class=\"wp-block-paragraph\">En palabras de la administradora del CDI \u201cMary Ferrin\u201d, Barbara Ben\u00edtez,\u00a0resalt\u00f3 la importancia de realizar los controles de salud en la primera infancia, <strong>\u201cdonde se atienden ni\u00f1os de 1 a 3 a\u00f1os, que son atendidos en ambos turnos, ma\u00f1ana y tarde,\u00a0acompa\u00f1ados por los pap\u00e1s que se han presentado para poder acceder a este beneficio de salud p\u00fablica, siendo el segundo control que se hace ya que en temporada de colonias de vacaciones se concret\u00f3 el primer control\u201d<\/strong>.<\/p>\n","protected":false},"excerpt":{"rendered":"<p>En materia de promoci\u00f3n de la salud y prevenci\u00f3n de enfermedades, la Secretar\u00eda de Desarrollo Humano del municipio de la ciudad, contin\u00faa realizando la ficha de control de salud en los infantes de los nueve CDI municipales, incorporando estudios odontol\u00f3gicos y medicina preventiva, como se realiz\u00f3 en los ni\u00f1os y ni\u00f1as del CDI \u201cMary Ferrin\u201d [&hellip;]<\/p>\n","protected":false},"author":6,"featured_media":2536,"comment_status":"open","ping_status":"open","sticky":false,"template":"","format":"standard","meta":{"_themeisle_gutenberg_block_has_review":false,"footnotes":""},"categories":[248,11],"tags":[58,400,14],"class_list":["post-2532","post","type-post","status-publish","format-standard","has-post-thumbnail","hentry","category-educacion","category-salud","tag-jujuy","tag-ninos-2","tag-salud"],"_links":{"self":[{"href":"https:\/\/horapicodigital.com.ar\/index.php\/wp-json\/wp\/v2\/posts\/2532","targetHints":{"allow":["GET"]}}],"collection":[{"href":"https:\/\/horapicodigital.com.ar\/index.php\/wp-json\/wp\/v2\/posts"}],"about":[{"href":"https:\/\/horapicodigital.com.ar\/index.php\/wp-json\/wp\/v2\/types\/post"}],"author":[{"embeddable":true,"href":"https:\/\/horapicodigital.com.ar\/index.php\/wp-json\/wp\/v2\/users\/6"}],"replies":[{"embeddable":true,"href":"https:\/\/horapicodigital.com.ar\/index.php\/wp-json\/wp\/v2\/comments?post=2532"}],"version-history":[{"count":1,"href":"https:\/\/horapicodigital.com.ar\/index.php\/wp-json\/wp\/v2\/posts\/2532\/revisions"}],"predecessor-version":[{"id":2537,"href":"https:\/\/horapicodigital.com.ar\/index.php\/wp-json\/wp\/v2\/posts\/2532\/revisions\/2537"}],"wp:featuredmedia":[{"embeddable":true,"href":"https:\/\/horapicodigital.com.ar\/index.php\/wp-json\/wp\/v2\/media\/2536"}],"wp:attachment":[{"href":"https:\/\/horapicodigital.com.ar\/index.php\/wp-json\/wp\/v2\/media?parent=2532"}],"wp:term":[{"taxonomy":"category","embeddable":true,"href":"https:\/\/horapicodigital.com.ar\/index.php\/wp-json\/wp\/v2\/categories?post=2532"},{"taxonomy":"post_tag","embeddable":true,"href":"https:\/\/horapicodigital.com.ar\/index.php\/wp-json\/wp\/v2\/tags?post=2532"}],"curies":[{"name":"wp","href":"https:\/\/api.w.org\/{rel}","templated":true}]}}