{"id":2224,"date":"2023-05-18T23:40:58","date_gmt":"2023-05-19T02:40:58","guid":{"rendered":"https:\/\/horapicodigital.com.ar\/?p=2224"},"modified":"2023-05-18T23:40:59","modified_gmt":"2023-05-19T02:40:59","slug":"un-vehiculo-irrumpio-a-toda-velocidad-en-el-vaticano-los-guardias-dispararon-contra-el-auto-para-frenarlo-y-hay-un-detenido","status":"publish","type":"post","link":"https:\/\/horapicodigital.com.ar\/index.php\/2023\/05\/18\/un-vehiculo-irrumpio-a-toda-velocidad-en-el-vaticano-los-guardias-dispararon-contra-el-auto-para-frenarlo-y-hay-un-detenido\/","title":{"rendered":"Un veh\u00edculo irrumpi\u00f3 a toda velocidad en el Vaticano: los guardias dispararon contra el auto para frenarlo y hay un detenido"},"content":{"rendered":"\n<p>Al sospechoso se le hab\u00eda negado el paso momentos antes pero, gracias a una imprudente maniobra, logr\u00f3 llegar hasta el patio de San D\u00e1maso del Palacio Apost\u00f3lico. La Polic\u00eda cree que tiene problemas psiqui\u00e1tricos<\/p>\n\n\n\n<p>Este es el sitio en el que suelen ser recibidos los jefes de Estado y de Gobierno cuando visitan la sede.<\/p>\n\n\n\n<p>En un intento por detener su marcha, los gendarmes\u00a0dispararon contra los neum\u00e1ticos\u00a0delanteros y <strong>\u201calcanzaron el aler\u00f3n delantero izquierdo\u201d<\/strong> pero no fue suficiente para frenar su avance en un primer momento.<\/p>\n\n\n\n<p>Seg\u00fan informaron las autoridades, al sujeto\u00a0le hab\u00eda sido impedido el paso inicialmente\u00a0por tratarse de un horario y un sitio inaccesible sin una orden pertinente, ante lo que abandon\u00f3 temporalmente la zona y, a continuaci\u00f3n, realiz\u00f3 una imprudente\u00a0maniobra\u00a0que le permiti\u00f3 ingresar por la fuerza.<\/p>\n\n\n\n<p>De momento, la Polic\u00eda investiga el hecho e interroga al sospechoso -de 40 a\u00f1os- que <strong>\u201cse encuentra en una celda de detenci\u00f3n en los nuevos locales del Cuartel de la Gendarmer\u00eda\u201d<\/strong>. Se cree que el conductor sufre\u00a0problemas psiqui\u00e1tricos\u00a0ya que al momento de su detenci\u00f3n se encontraba en <strong>\u201cun\u00a0grave estado de alteraci\u00f3n psicof\u00edsica\u201d<\/strong>, informaron los m\u00e9dicos de la Direcci\u00f3n de Salud e Higiene local que lo examinaron. De todas formas, no se resisti\u00f3 ante las fuerzas del orden y se entreg\u00f3 de inmediato al ser reducido.<\/p>\n\n\n\n<p>La Santa Sede no precis\u00f3 si el\u00a0papa Francisco\u00a0se encontraba en el Vaticano o en las cercan\u00edas del incidente, ocurrido minutos despu\u00e9s de las 20:00 horas, ya que vive al otro lado de la Ciudad -en el\u00a0hotel Santa Marta- donde suele estar a estas horas.<\/p>\n\n\n\n<p>No obstante, el\u00a0c\u00f3digo de alarma\u00a0se difundi\u00f3 por radio r\u00e1pidamente y, gracias a ello, se pudo <strong>\u201ccerrar a tiempo la puerta de la Casa de la Moneda, que permite acceder a la parte trasera de la Bas\u00edlica de San Pedro, los jardines vaticanos y la plaza de Santa Marta\u201d<\/strong>, evitando mayores disturbios.<\/p>\n\n\n\n<p>El episodio de esta noche fue una rara incursi\u00f3n ya que el ingreso a dicha zona de la Ciudad Vaticana est\u00e1 vetada al p\u00fablico en general, especialmente por la noche. Inclusive, quienes deseen visitar la\u00a0Bas\u00edlica de San Pedro\u00a0y los\u00a0Museos Vaticanos\u00a0en horario diurno, as\u00ed como quienes acuden a la farmacia vaticana con sus recetas m\u00e9dicas, pueden hacerlo con libertad pero s\u00ed necesitan un permiso de entrada para para otros edificios del enclave.<\/p>\n","protected":false},"excerpt":{"rendered":"<p>Al sospechoso se le hab\u00eda negado el paso momentos antes pero, gracias a una imprudente maniobra, logr\u00f3 llegar hasta el patio de San D\u00e1maso del Palacio Apost\u00f3lico. La Polic\u00eda cree que tiene problemas psiqui\u00e1tricos Este es el sitio en el que suelen ser recibidos los jefes de Estado y de Gobierno cuando visitan la sede. [&hellip;]<\/p>\n","protected":false},"author":6,"featured_media":2225,"comment_status":"open","ping_status":"open","sticky":false,"template":"","format":"standard","meta":{"_themeisle_gutenberg_block_has_review":false,"footnotes":""},"categories":[7,34],"tags":[332,331],"class_list":["post-2224","post","type-post","status-publish","format-standard","has-post-thumbnail","hentry","category-mundo","category-policiales","tag-detenido","tag-vaticano"],"_links":{"self":[{"href":"https:\/\/horapicodigital.com.ar\/index.php\/wp-json\/wp\/v2\/posts\/2224","targetHints":{"allow":["GET"]}}],"collection":[{"href":"https:\/\/horapicodigital.com.ar\/index.php\/wp-json\/wp\/v2\/posts"}],"about":[{"href":"https:\/\/horapicodigital.com.ar\/index.php\/wp-json\/wp\/v2\/types\/post"}],"author":[{"embeddable":true,"href":"https:\/\/horapicodigital.com.ar\/index.php\/wp-json\/wp\/v2\/users\/6"}],"replies":[{"embeddable":true,"href":"https:\/\/horapicodigital.com.ar\/index.php\/wp-json\/wp\/v2\/comments?post=2224"}],"version-history":[{"count":1,"href":"https:\/\/horapicodigital.com.ar\/index.php\/wp-json\/wp\/v2\/posts\/2224\/revisions"}],"predecessor-version":[{"id":2226,"href":"https:\/\/horapicodigital.com.ar\/index.php\/wp-json\/wp\/v2\/posts\/2224\/revisions\/2226"}],"wp:featuredmedia":[{"embeddable":true,"href":"https:\/\/horapicodigital.com.ar\/index.php\/wp-json\/wp\/v2\/media\/2225"}],"wp:attachment":[{"href":"https:\/\/horapicodigital.com.ar\/index.php\/wp-json\/wp\/v2\/media?parent=2224"}],"wp:term":[{"taxonomy":"category","embeddable":true,"href":"https:\/\/horapicodigital.com.ar\/index.php\/wp-json\/wp\/v2\/categories?post=2224"},{"taxonomy":"post_tag","embeddable":true,"href":"https:\/\/horapicodigital.com.ar\/index.php\/wp-json\/wp\/v2\/tags?post=2224"}],"curies":[{"name":"wp","href":"https:\/\/api.w.org\/{rel}","templated":true}]}}