{"id":2153,"date":"2023-05-17T00:03:27","date_gmt":"2023-05-17T03:03:27","guid":{"rendered":"https:\/\/horapicodigital.com.ar\/?p=2153"},"modified":"2023-05-17T00:03:28","modified_gmt":"2023-05-17T03:03:28","slug":"convocaron-a-sesion-especial-y-preparatoria-en-diputados","status":"publish","type":"post","link":"https:\/\/horapicodigital.com.ar\/index.php\/2023\/05\/17\/convocaron-a-sesion-especial-y-preparatoria-en-diputados\/","title":{"rendered":"Convocaron a Sesi\u00f3n Especial y Preparatoria en Diputados"},"content":{"rendered":"\n<p class=\"has-medium-font-size wp-block-paragraph\"><strong>La C\u00e1mara sesionar\u00e1 este mi\u00e9rcoles 17 y el pr\u00f3ximo lunes 22 de mayo a las 9:00 hs.<\/strong><\/p>\n\n\n\n<p class=\"wp-block-paragraph\">El presidente la Legislatura de Jujuy,. Carlos Haquim, a trav\u00e9s de la Resoluci\u00f3n N\u00b0 470 resolvi\u00f3 convocar a la C\u00e1mara de Diputados a la Primera Sesi\u00f3n Especial del 2023 este mi\u00e9rcoles 17 de mayo a las 9 para tratar los pedidos de licencia del Gobernador de la provincia Gerardo Morales y los legisladores provinciales que fueron electos convencional constituyente en la reciente elecci\u00f3n provincial.<\/p>\n\n\n\n<h2 id=\"wp-block-themeisle-blocks-advanced-heading-8e6b43cf\" class=\"wp-block-themeisle-blocks-advanced-heading wp-block-themeisle-blocks-advanced-heading-8e6b43cf\">Sesi\u00f3n Preparatoria<\/h2>\n\n\n\n<p class=\"wp-block-paragraph\">Asimismo, el vicegobernador a trav\u00e9s de la Resoluci\u00f3n N\u00b0 471 convoc\u00f3 a la Convenci\u00f3n Constituyente a Sesi\u00f3n Preparatoria el d\u00eda lunes 22 de mayo a las 9 horas.<\/p>\n\n\n\n<p class=\"wp-block-paragraph\">Acto que se enmarca seg\u00fan lo dispuesto por la Ley N\u00b0 6.302 de Declaraci\u00f3n de la Necesidad de la Reforma Parcial de la Constituci\u00f3n, considerando el decreto N\u00b0 7244-G-22 de convocatoria a elecciones de los Convencionales Constituyentes y la Resoluci\u00f3n (de fecha 15 de mayo) del Tribunal Electoral Permanente de la provincia de toma de raz\u00f3n de la validez de la elecci\u00f3n de los mismos.<\/p>\n","protected":false},"excerpt":{"rendered":"<p>La C\u00e1mara sesionar\u00e1 este mi\u00e9rcoles 17 y el pr\u00f3ximo lunes 22 de mayo a las 9:00 hs. El presidente la Legislatura de Jujuy,. Carlos Haquim, a trav\u00e9s de la Resoluci\u00f3n N\u00b0 470 resolvi\u00f3 convocar a la C\u00e1mara de Diputados a la Primera Sesi\u00f3n Especial del 2023 este mi\u00e9rcoles 17 de mayo a las 9 para [&hellip;]<\/p>\n","protected":false},"author":6,"featured_media":1979,"comment_status":"open","ping_status":"open","sticky":false,"template":"","format":"standard","meta":{"_themeisle_gutenberg_block_has_review":false,"footnotes":""},"categories":[32,33],"tags":[307,179,58],"class_list":["post-2153","post","type-post","status-publish","format-standard","has-post-thumbnail","hentry","category-locales","category-politica","tag-diputados","tag-gerardo-morales","tag-jujuy"],"_links":{"self":[{"href":"https:\/\/horapicodigital.com.ar\/index.php\/wp-json\/wp\/v2\/posts\/2153","targetHints":{"allow":["GET"]}}],"collection":[{"href":"https:\/\/horapicodigital.com.ar\/index.php\/wp-json\/wp\/v2\/posts"}],"about":[{"href":"https:\/\/horapicodigital.com.ar\/index.php\/wp-json\/wp\/v2\/types\/post"}],"author":[{"embeddable":true,"href":"https:\/\/horapicodigital.com.ar\/index.php\/wp-json\/wp\/v2\/users\/6"}],"replies":[{"embeddable":true,"href":"https:\/\/horapicodigital.com.ar\/index.php\/wp-json\/wp\/v2\/comments?post=2153"}],"version-history":[{"count":1,"href":"https:\/\/horapicodigital.com.ar\/index.php\/wp-json\/wp\/v2\/posts\/2153\/revisions"}],"predecessor-version":[{"id":2154,"href":"https:\/\/horapicodigital.com.ar\/index.php\/wp-json\/wp\/v2\/posts\/2153\/revisions\/2154"}],"wp:featuredmedia":[{"embeddable":true,"href":"https:\/\/horapicodigital.com.ar\/index.php\/wp-json\/wp\/v2\/media\/1979"}],"wp:attachment":[{"href":"https:\/\/horapicodigital.com.ar\/index.php\/wp-json\/wp\/v2\/media?parent=2153"}],"wp:term":[{"taxonomy":"category","embeddable":true,"href":"https:\/\/horapicodigital.com.ar\/index.php\/wp-json\/wp\/v2\/categories?post=2153"},{"taxonomy":"post_tag","embeddable":true,"href":"https:\/\/horapicodigital.com.ar\/index.php\/wp-json\/wp\/v2\/tags?post=2153"}],"curies":[{"name":"wp","href":"https:\/\/api.w.org\/{rel}","templated":true}]}}