{"id":21227,"date":"2026-09-06T08:30:47","date_gmt":"2026-09-06T11:30:47","guid":{"rendered":"https:\/\/horapicodigital.com.ar\/?p=21227"},"modified":"2026-09-06T08:30:48","modified_gmt":"2026-09-06T11:30:48","slug":"barrio-malvinas-vecina-sufrio-seis-robos-y-no-tuvo-respuestas-policiales","status":"publish","type":"post","link":"https:\/\/horapicodigital.com.ar\/index.php\/2026\/09\/06\/barrio-malvinas-vecina-sufrio-seis-robos-y-no-tuvo-respuestas-policiales\/","title":{"rendered":"Barrio Malvinas: vecina sufri\u00f3 seis robos y no tuvo respuestas policiales"},"content":{"rendered":"\n<p class=\"wp-block-paragraph\">Una residente del sector capitalino expres\u00f3 su desesperaci\u00f3n ante la reiteraci\u00f3n de hechos delictivos en su domicilio. Asegur\u00f3 tener identificados a los autores y adem\u00e1s denunci\u00f3 la venta ilegal de sus pertenencias. Como si la situaci\u00f3n no fuera suficiente, dijo haber recibido maltrato en la comisar\u00eda.<\/p>\n\n\n\n<ul id=\"p-1788385090617-56847\" class=\"wp-block-list\">\n<li><strong>Barrio Malvinas:<\/strong>\u00a0Vecina sufri\u00f3 seis robos en su vivienda, identificando a los autores pero sin obtener respuestas policiales.<\/li>\n\n\n\n<li><strong>Maltrato policial:<\/strong>\u00a0Denunci\u00f3 hostigamiento y amenazas por parte de efectivos de la Seccional N\u00b030 al reclamar por los hechos delictivos.<\/li>\n\n\n\n<li><strong>Falta de patrullajes:<\/strong>\u00a0La residente alert\u00f3 sobre la ausencia de patrullajes preventivos en el sector, dej\u00e1ndolos desprotegidos.<\/li>\n<\/ul>\n\n\n\n<p class=\"wp-block-paragraph\">La situaci\u00f3n de\u00a0<strong>inseguridad y el impacto del consumo problem\u00e1tico<\/strong>\u00a0generan extrema preocupaci\u00f3n en el\u00a0<strong>barrio Malvinas<\/strong>.<\/p>\n\n\n\n<p class=\"wp-block-paragraph\"><strong>Sandra Romero<\/strong>, vecina del sector, relat\u00f3 el calvario cotidiano que padece tras sufrir&nbsp;<strong>m\u00faltiples robos en su vivienda sin obtener respuestas efectivas por parte de las autoridades policiales<\/strong>.<\/p>\n\n\n\n<p class=\"wp-block-paragraph\">Detall\u00f3 que los&nbsp;<strong>delincuentes ingresaron a su propiedad en seis oportunidades<\/strong>, despoj\u00e1ndola de elementos indispensables para su hogar, como su garrafa y documentaci\u00f3n personal fundamental para ella y sus hijos.<\/p>\n\n\n\n<p class=\"wp-block-paragraph\">\u201c<em>A m\u00ed me tiene estresada completamente, mire c\u00f3mo tengo mi cara, se me subi\u00f3 la presi\u00f3n a 18 (&#8230;) Yo tengo chico que da de comer y resulta que bueno, no encuentro la soluci\u00f3n con el tema de la garrafa. Hasta el agua me roban, ah\u00ed pasa la manguera m\u00eda que tambi\u00e9n me roban el agua<\/em>\u201d, expres\u00f3.<\/p>\n\n\n\n<p class=\"wp-block-paragraph\">Identificaci\u00f3n de los sospechosos y venta de lo robado<br>Romero se\u00f1al\u00f3 con nombre, apellido y alias a los presuntos responsables de los il\u00edcitos, indicando que operan en las inmediaciones de su domicilio junto a otras personas que utilizan la zona para el consumo de drogas a cualquier hora del d\u00eda.<\/p>\n\n\n\n<p class=\"wp-block-paragraph\">Seg\u00fan relat\u00f3,\u00a0<strong>tras indagar por sus propios medios, logr\u00f3 dar con el paradero de su garrafa, la cual habr\u00eda sido comercializada a bajo costo por los sospechosos, aunque los involucrados negaron la transacci\u00f3n<\/strong>.<\/p>\n\n\n\n<h2 class=\"wp-block-heading\"><strong>Hostigamiento y desatenci\u00f3n en la dependencia policial<\/strong><\/h2>\n\n\n\n<p class=\"wp-block-paragraph\">Uno de los puntos m\u00e1s graves de la denuncia recay\u00f3 sobre el accionar del personal de la comisar\u00eda de la jurisdicci\u00f3n, la Seccional N\u00b030. La vecina afirm\u00f3 que, al acudir a reclamar y radicar las actuaciones correspondientes, fue amenazada y amedrentada por los efectivos en lugar de recibir asistencia.&nbsp;<em>\u201cUna mujer polic\u00eda sali\u00f3 y me dijo, \u00bfsabes qu\u00e9? Dej\u00e1 de hacer quilombo porque yo te voy a agarrar de la mecha, te voy a meter para adentro (&#8230;) Y entonces un gordo de ah\u00ed tambi\u00e9n que estaba encargado de guardia me dijo que me iba a esposar. A m\u00ed no me venga a amenazar, le digo, yo estoy reclamando una cosa que a m\u00ed me cuesta\u201d,&nbsp;<\/em>sentenci\u00f3.<\/p>\n\n\n\n<p class=\"wp-block-paragraph\">Finalmente, la vecina remarc\u00f3 que\u00a0<strong>los patrullajes preventivos brillan por su ausencia<\/strong>\u00a0en el sector, dejando a los residentes a merced de la delincuencia y el desamparo institucional.<\/p>\n\n\n\n<p class=\"wp-block-paragraph\">Finalmente, la vecina remarc\u00f3 que\u00a0<strong>los patrullajes preventivos brillan por su ausencia<\/strong>\u00a0en el sector, dejando a los residentes a merced de la delincuencia y el desamparo institucional.<\/p>\n\n\n\n<p class=\"wp-block-paragraph\"><\/p>\n","protected":false},"excerpt":{"rendered":"<p>Una residente del sector capitalino expres\u00f3 su desesperaci\u00f3n ante la reiteraci\u00f3n de hechos delictivos en su domicilio. Asegur\u00f3 tener identificados a los autores y adem\u00e1s denunci\u00f3 la venta ilegal de sus pertenencias. Como si la situaci\u00f3n no fuera suficiente, dijo haber recibido maltrato en la comisar\u00eda. La situaci\u00f3n de\u00a0inseguridad y el impacto del consumo problem\u00e1tico\u00a0generan [&hellip;]<\/p>\n","protected":false},"author":7,"featured_media":21228,"comment_status":"open","ping_status":"open","sticky":false,"template":"","format":"standard","meta":{"_themeisle_gutenberg_block_has_review":false,"footnotes":""},"categories":[2877],"tags":[58],"class_list":["post-21227","post","type-post","status-publish","format-standard","has-post-thumbnail","hentry","category-crimen-y-justicia","tag-jujuy"],"_links":{"self":[{"href":"https:\/\/horapicodigital.com.ar\/index.php\/wp-json\/wp\/v2\/posts\/21227","targetHints":{"allow":["GET"]}}],"collection":[{"href":"https:\/\/horapicodigital.com.ar\/index.php\/wp-json\/wp\/v2\/posts"}],"about":[{"href":"https:\/\/horapicodigital.com.ar\/index.php\/wp-json\/wp\/v2\/types\/post"}],"author":[{"embeddable":true,"href":"https:\/\/horapicodigital.com.ar\/index.php\/wp-json\/wp\/v2\/users\/7"}],"replies":[{"embeddable":true,"href":"https:\/\/horapicodigital.com.ar\/index.php\/wp-json\/wp\/v2\/comments?post=21227"}],"version-history":[{"count":1,"href":"https:\/\/horapicodigital.com.ar\/index.php\/wp-json\/wp\/v2\/posts\/21227\/revisions"}],"predecessor-version":[{"id":21229,"href":"https:\/\/horapicodigital.com.ar\/index.php\/wp-json\/wp\/v2\/posts\/21227\/revisions\/21229"}],"wp:featuredmedia":[{"embeddable":true,"href":"https:\/\/horapicodigital.com.ar\/index.php\/wp-json\/wp\/v2\/media\/21228"}],"wp:attachment":[{"href":"https:\/\/horapicodigital.com.ar\/index.php\/wp-json\/wp\/v2\/media?parent=21227"}],"wp:term":[{"taxonomy":"category","embeddable":true,"href":"https:\/\/horapicodigital.com.ar\/index.php\/wp-json\/wp\/v2\/categories?post=21227"},{"taxonomy":"post_tag","embeddable":true,"href":"https:\/\/horapicodigital.com.ar\/index.php\/wp-json\/wp\/v2\/tags?post=21227"}],"curies":[{"name":"wp","href":"https:\/\/api.w.org\/{rel}","templated":true}]}}