{"id":21220,"date":"2026-09-05T06:50:48","date_gmt":"2026-09-05T09:50:48","guid":{"rendered":"https:\/\/horapicodigital.com.ar\/?p=21220"},"modified":"2026-09-05T06:50:51","modified_gmt":"2026-09-05T09:50:51","slug":"el-nino-2026-que-zonas-de-la-argentina-tienen-mayor-riesgo-de-tormentas-y-que-pasa-en-jujuy","status":"publish","type":"post","link":"https:\/\/horapicodigital.com.ar\/index.php\/2026\/09\/05\/el-nino-2026-que-zonas-de-la-argentina-tienen-mayor-riesgo-de-tormentas-y-que-pasa-en-jujuy\/","title":{"rendered":"El Ni\u00f1o 2026: qu\u00e9 zonas de la Argentina tienen mayor riesgo de tormentas y qu\u00e9 pasa en Jujuy"},"content":{"rendered":"\n<p class=\"wp-block-paragraph\">El noreste y centro-este de Argentina estar\u00e1n bajo especial vigilancia ante un escenario del Ni\u00f1o 2026 de m\u00e1s lluvias y presi\u00f3n sobre las grandes cuencas.<\/p>\n\n\n\n<p class=\"wp-block-paragraph\"><strong><a href=\"https:\/\/www.todojujuy.com\/sociedad\/la-onu-alerto-el-el-nino-mas-fuerte-registrado-sus-efectos-sudamerica-n295600\" target=\"_blank\" rel=\"noopener\">El Ni\u00f1o 2026 ya est\u00e1 instalado y Argentina&nbsp;<\/a>ingresa en una etapa clave. El fen\u00f3meno continuar\u00e1 durante la primavera con una intensidad fuerte o muy fuerte y aumentar\u00e1 la probabilidad de lluvias abundantes, tormentas y excesos h\u00eddricos en distintas regiones del pa\u00eds.<\/strong>&nbsp;El mayor foco de atenci\u00f3n est\u00e1 puesto sobre el<strong>&nbsp;Litoral y el noreste argentino.<\/strong><\/p>\n\n\n\n<p class=\"wp-block-paragraph\">El \u00faltimo informe del&nbsp;<strong>Servicio Meteorol\u00f3gico Nacional (SMN)<\/strong>&nbsp;confirm\u00f3 que las condiciones del Pac\u00edfico corresponden a una fase c\u00e1lida del fen\u00f3meno El Ni\u00f1o. Para el trimestre&nbsp;<strong>septiembre, octubre y noviembre de 2026<\/strong>, los modelos indican una probabilidad del&nbsp;<strong>100% de continuidad<\/strong>, con una intensidad fuerte o muy fuerte.<\/p>\n\n\n\n<p class=\"wp-block-paragraph\">El escenario&nbsp;<strong>no implica que habr\u00e1 tormentas todos los d\u00edas ni que todo el territorio tendr\u00e1 lluvias extraordinarias<\/strong>. Lo que cambia es la probabilidad: determinadas regiones quedan m\u00e1s expuestas a precipitaciones frecuentes, acumulados importantes y eventos intensos.<\/p>\n\n\n\n<h2 class=\"wp-block-heading\">El Litoral, la zona que concentra mayor atenci\u00f3n<\/h2>\n\n\n\n<p class=\"wp-block-paragraph\">El&nbsp;<strong>norte del Litoral<\/strong>&nbsp;aparece como uno de los sectores con la se\u00f1al m\u00e1s clara de precipitaciones superiores a los valores habituales durante los pr\u00f3ximos meses. El climat\u00f3logo del SMN&nbsp;<strong>Jos\u00e9 Luis Stella<\/strong>&nbsp;explic\u00f3 que esa regi\u00f3n ser\u00e1 clave durante esta etapa y se\u00f1al\u00f3 que, a medida que avance la primavera, la influencia de El Ni\u00f1o podr\u00eda extenderse hacia otras \u00e1reas del centro y este de Argentina.<\/p>\n\n\n\n<p class=\"wp-block-paragraph\">Entre las provincias que requieren especial seguimiento aparecen principalmente&nbsp;<strong>Misiones y Corrientes<\/strong>, mientras que el escenario tambi\u00e9n alcanza a sectores de&nbsp;<strong>Santa Fe y Entre R\u00edos<\/strong>.<\/p>\n\n\n\n<p class=\"wp-block-paragraph\">En algunas \u00e1reas del norte de Corrientes y Misiones, las proyecciones citadas por especialistas plantean la posibilidad de acumulados muy elevados durante septiembre, con registros que podr\u00edan superar ampliamente los promedios mensuales.<\/p>\n\n\n\n<p class=\"wp-block-paragraph\">Pero el problema no termina cuando deja de llover.<\/p>\n\n\n\n<h2 class=\"wp-block-heading\">Paran\u00e1, Paraguay y Uruguay: el riesgo de las crecidas<\/h2>\n\n\n\n<p class=\"wp-block-paragraph\">Uno de los puntos centrales del escenario de El Ni\u00f1o es lo que pueda ocurrir en las&nbsp;<strong>grandes cuencas del Paran\u00e1, Paraguay y Uruguay<\/strong>. Las lluvias intensas que se produzcan r\u00edo arriba pueden aumentar los caudales y generar consecuencias lejos del lugar donde ocurri\u00f3 la tormenta.<\/p>\n\n\n\n<p class=\"wp-block-paragraph\">Por eso, el riesgo incluye no solamente precipitaciones abundantes, sino tambi\u00e9n&nbsp;<strong>crecidas, desbordes y anegamientos en zonas ribere\u00f1as<\/strong>, con posibles complicaciones para poblaciones, rutas, caminos rurales, puertos y \u00e1reas productivas.<\/p>\n\n\n\n<p class=\"wp-block-paragraph\">La situaci\u00f3n obliga a observar el comportamiento de toda la cuenca: una provincia puede no registrar lluvias excepcionales y, sin embargo, sufrir posteriormente una crecida provocada por precipitaciones ocurridas cientos de kil\u00f3metros aguas arriba.<\/p>\n\n\n\n<h2 class=\"wp-block-heading\">Buenos Aires y la regi\u00f3n pampeana tambi\u00e9n bajo vigilancia<\/h2>\n\n\n\n<p class=\"wp-block-paragraph\">El escenario comienza a ganar importancia tambi\u00e9n sobre el&nbsp;<strong>centro-este del pa\u00eds<\/strong>. Sectores de&nbsp;<strong>Buenos Aires, La Pampa y el sudoeste bonaerense<\/strong>&nbsp;aparecen entre las \u00e1reas que deber\u00e1n seguirse durante la primavera, especialmente si las lluvias se producen sobre terrenos que ya tienen altos niveles de humedad.<\/p>\n\n\n\n<p class=\"wp-block-paragraph\">All\u00ed aparece otro factor determinante:&nbsp;<strong>la saturaci\u00f3n de los suelos<\/strong>. Si el terreno ya acumul\u00f3 mucha agua, cada nueva tormenta encuentra menor capacidad de absorci\u00f3n. Esto aumenta el riesgo de anegamientos rurales y tambi\u00e9n puede generar problemas en ciudades, donde los sistemas de desag\u00fce deben responder a grandes vol\u00famenes de agua concentrados en poco tiempo.<\/p>\n\n\n\n<p class=\"wp-block-paragraph\">En el&nbsp;<strong>AMBA<\/strong>, los especialistas ponen especialmente la atenci\u00f3n en la posibilidad de lluvias frecuentes, tormentas intensas y acumulados importantes en per\u00edodos cortos.<\/p>\n\n\n\n<h2 class=\"wp-block-heading\">\u00bfEl Ni\u00f1o significa necesariamente inundaciones?<\/h2>\n\n\n\n<p class=\"wp-block-paragraph\">No. Y esta diferencia es importante. Un pron\u00f3stico clim\u00e1tico trimestral&nbsp;<strong>no puede indicar qu\u00e9 ciudad sufrir\u00e1 una inundaci\u00f3n ni qu\u00e9 d\u00eda ocurrir\u00e1 una tormenta severa<\/strong>. Lo que establece es una tendencia y determina d\u00f3nde aumenta la posibilidad de determinadas condiciones meteorol\u00f3gicas.<\/p>\n\n\n\n<p class=\"wp-block-paragraph\">El propio SMN remarca que estos informes no anticipan cantidades exactas de lluvia para cada localidad. Por eso, cuanto m\u00e1s se acerque un evento concreto, ser\u00e1n los pron\u00f3sticos de corto plazo y las alertas los que permitan determinar su intensidad y ubicaci\u00f3n.<\/p>\n\n\n\n<h2 class=\"wp-block-heading\">\u00bfHasta cu\u00e1ndo seguir\u00e1 El Ni\u00f1o?<\/h2>\n\n\n\n<p class=\"wp-block-paragraph\">Las proyecciones internacionales indican que el fen\u00f3meno continuar\u00e1 intensific\u00e1ndose durante los pr\u00f3ximos meses y sus efectos podr\u00edan extenderse&nbsp;<strong>hasta febrero de 2027<\/strong>. Esto coloca a la&nbsp;<strong>primavera y al comienzo del verano<\/strong>&nbsp;como per\u00edodos especialmente importantes para Argentina. Los primeros indicios ya hab\u00edan comenzado a observarse durante el invierno, con cambios en la circulaci\u00f3n atmosf\u00e9rica y episodios de lluvias, nevadas y temperaturas extremas en diferentes sectores del Cono Sur. Ahora, con El Ni\u00f1o plenamente establecido, la atenci\u00f3n pasa a las regiones h\u00famedas del pa\u00eds y al comportamiento de las grandes cuencas.<\/p>\n\n\n\n<h2 class=\"wp-block-heading\">\u00bfQu\u00e9 puede pasar en Jujuy y el NOA?<\/h2>\n\n\n\n<p class=\"wp-block-paragraph\">En el&nbsp;<strong>Noroeste argentino, y particularmente en Jujuy<\/strong>, el impacto previsto de El Ni\u00f1o no aparece asociado por ahora a un escenario de lluvias extraordinarias como el proyectado para el Litoral.<\/p>\n\n\n\n<p class=\"wp-block-paragraph\">El pron\u00f3stico trimestral del SMN para septiembre, octubre y noviembre ubica a gran parte del NOA con&nbsp;<strong>precipitaciones normales o inferiores a las habituales<\/strong>&nbsp;y temperaturas con tendencia a valores normales o superiores. Esto no descarta tormentas intensas o episodios puntuales de abundante lluvia: aun dentro de un trimestre m\u00e1s seco pueden registrarse eventos fuertes en per\u00edodos cortos. Por eso, para Jujuy ser\u00e1 clave seguir los pron\u00f3sticos semanales y las alertas, especialmente a medida que avance la primavera y comience la temporada de lluvias.<\/p>\n","protected":false},"excerpt":{"rendered":"<p>El noreste y centro-este de Argentina estar\u00e1n bajo especial vigilancia ante un escenario del Ni\u00f1o 2026 de m\u00e1s lluvias y presi\u00f3n sobre las grandes cuencas. El Ni\u00f1o 2026 ya est\u00e1 instalado y Argentina&nbsp;ingresa en una etapa clave. El fen\u00f3meno continuar\u00e1 durante la primavera con una intensidad fuerte o muy fuerte y aumentar\u00e1 la probabilidad de [&hellip;]<\/p>\n","protected":false},"author":7,"featured_media":21221,"comment_status":"open","ping_status":"open","sticky":false,"template":"","format":"standard","meta":{"_themeisle_gutenberg_block_has_review":false,"footnotes":""},"categories":[2711],"tags":[58],"class_list":["post-21220","post","type-post","status-publish","format-standard","has-post-thumbnail","hentry","category-clima","tag-jujuy"],"_links":{"self":[{"href":"https:\/\/horapicodigital.com.ar\/index.php\/wp-json\/wp\/v2\/posts\/21220","targetHints":{"allow":["GET"]}}],"collection":[{"href":"https:\/\/horapicodigital.com.ar\/index.php\/wp-json\/wp\/v2\/posts"}],"about":[{"href":"https:\/\/horapicodigital.com.ar\/index.php\/wp-json\/wp\/v2\/types\/post"}],"author":[{"embeddable":true,"href":"https:\/\/horapicodigital.com.ar\/index.php\/wp-json\/wp\/v2\/users\/7"}],"replies":[{"embeddable":true,"href":"https:\/\/horapicodigital.com.ar\/index.php\/wp-json\/wp\/v2\/comments?post=21220"}],"version-history":[{"count":1,"href":"https:\/\/horapicodigital.com.ar\/index.php\/wp-json\/wp\/v2\/posts\/21220\/revisions"}],"predecessor-version":[{"id":21222,"href":"https:\/\/horapicodigital.com.ar\/index.php\/wp-json\/wp\/v2\/posts\/21220\/revisions\/21222"}],"wp:featuredmedia":[{"embeddable":true,"href":"https:\/\/horapicodigital.com.ar\/index.php\/wp-json\/wp\/v2\/media\/21221"}],"wp:attachment":[{"href":"https:\/\/horapicodigital.com.ar\/index.php\/wp-json\/wp\/v2\/media?parent=21220"}],"wp:term":[{"taxonomy":"category","embeddable":true,"href":"https:\/\/horapicodigital.com.ar\/index.php\/wp-json\/wp\/v2\/categories?post=21220"},{"taxonomy":"post_tag","embeddable":true,"href":"https:\/\/horapicodigital.com.ar\/index.php\/wp-json\/wp\/v2\/tags?post=21220"}],"curies":[{"name":"wp","href":"https:\/\/api.w.org\/{rel}","templated":true}]}}