{"id":21211,"date":"2026-09-05T06:43:31","date_gmt":"2026-09-05T09:43:31","guid":{"rendered":"https:\/\/horapicodigital.com.ar\/?p=21211"},"modified":"2026-09-05T06:43:33","modified_gmt":"2026-09-05T09:43:33","slug":"fne-2026-palpala-corono-a-victoria-isabel-dietz-como-representante-departamental","status":"publish","type":"post","link":"https:\/\/horapicodigital.com.ar\/index.php\/2026\/09\/05\/fne-2026-palpala-corono-a-victoria-isabel-dietz-como-representante-departamental\/","title":{"rendered":"FNE 2026: Palpal\u00e1 coron\u00f3 a Victoria Isabel Dietz como representante departamental"},"content":{"rendered":"\n<p class=\"wp-block-paragraph\">Palpal\u00e1 vivi\u00f3 una noche de emoci\u00f3n y expectativa con la Elecci\u00f3n Departamental de la FNE 2026. Victoria Isabel Dietz fue elegida como representante.<\/p>\n\n\n\n<p class=\"wp-block-paragraph\">La noche estudiantil se vivi\u00f3 con emoci\u00f3n en el Estadio Ol\u00edmpico de Palpal\u00e1, donde este viernes se llev\u00f3 adelante la\u00a0<strong>Elecci\u00f3n Departamental en el marco de la FNE 2026<\/strong>. Victoria Dietz fue la elegida para representar a Palpal\u00e1 este a\u00f1o.<\/p>\n\n\n\n<p class=\"wp-block-paragraph\">Once candidatas, representantes de distintos establecimientos educativos del departamento, fueron protagonistas de una jornada marcada por la m\u00fasica, el color y la expectativa de conocer a quien tendr\u00e1 la responsabilidad de representar a Palpal\u00e1 en la pr\u00f3xima instancia de la fiesta.<\/p>\n\n\n\n<p class=\"wp-block-paragraph\">En una noche repleta de emoci\u00f3n, color y marco festivo<a href=\"https:\/\/www.todojujuy.com\/jujuy\/fne-2026-victoria-dietz-es-la-representante-palpala-n295665\" target=\"_blank\" rel=\"noopener\">,<strong>&nbsp;Victoria Dietz&nbsp;<\/strong>f<\/a>ue proclamada como la nueva Representante del departamento de Palpal\u00e1 para la<strong><\/strong><a href=\"https:\/\/www.todojujuy.com\/jujuy\/fne-2026-jenifer-vanesa-quispe-fue-elegida-representante-humahuaca-n295667\" target=\"_blank\" rel=\"noopener\"><strong>&nbsp;Fiesta Nacional de los Estudiante<\/strong>s<\/a>&nbsp;(FNE) 2026. Tras recibir la distinci\u00f3n, la joven expres\u00f3 una profunda felicidad por asumir el compromiso y destac\u00f3 el orgullo que siente al llevar la bandera de su ciudad en cada una de las instancias que se aproximan.<\/p>\n\n\n\n<p class=\"wp-block-paragraph\">En sus primeras palabras tras ser electa, remarc\u00f3 la gratitud hacia su entorno y hacia la comunidad que la acompa\u00f1\u00f3 a lo largo de las distintas etapas de la agenda de candidatas. A su vez, dedic\u00f3 de manera especial este logro a su familia, pilar fundamental en todo el trayecto, y tuvo palabras de reconocimiento para la soberana saliente, Angelina Armella, valorando el legado y la calidez con la que transit\u00f3 su mandato.<\/p>\n\n\n\n<h2 class=\"wp-block-heading\">Compromiso social: una causa que involucra a toda la comunidad<\/h2>\n\n\n\n<p class=\"wp-block-paragraph\">Uno de los ejes m\u00e1s destacados en las declaraciones de la flamante soberana fue el fuerte compromiso con la campa\u00f1a de concientizaci\u00f3n y prevenci\u00f3n contra el acoso escolar que impulsa su instituci\u00f3n educativa. Al respecto, extendi\u00f3 una invitaci\u00f3n p\u00fablica a colegios e instituciones para articular esfuerzos colectivos frente a esta problem\u00e1tica.<\/p>\n\n\n\n<p class=\"wp-block-paragraph\"><em>\u00abQuiero decirles y darles una invitaci\u00f3n a todos los colegios y a todas las personas a que se sumen a esta campa\u00f1a, que cada granito de arena aporta much\u00edsimo, cada palabra cuenta y todo lo que hacemos importa\u00bb<\/em>, enfatiz\u00f3 Dietz.<\/p>\n\n\n\n<h2 class=\"wp-block-heading\">Un mensaje de superaci\u00f3n y compa\u00f1erismo<\/h2>\n\n\n\n<p class=\"wp-block-paragraph\">Asimismo, aprovech\u00f3 la oportunidad para enviar un mensaje enfocado en el valor del respeto, el esfuerzo propio y la empat\u00eda en la consecuci\u00f3n de las metas personales:<\/p>\n\n\n\n<p class=\"wp-block-paragraph\"><strong><em>\u00abPara todas las personas, y en especial para las mujeres que me est\u00e1n viendo ahora, quiero decirles que luchen por sus sue\u00f1os, que los sue\u00f1os se cumplen, y que se cumplen sin necesidad de buscar apagar a nadie, ni hundir los sue\u00f1os de los dem\u00e1s\u00bb<\/em>.<\/strong><\/p>\n\n\n\n<p class=\"wp-block-paragraph\">Por \u00faltimo, al hacer un balance del camino recorrido en la previa de la elecci\u00f3n, destac\u00f3 el clima de apoyo mutuo que prevaleci\u00f3 en el grupo de j\u00f3venes y la tarea contundente de la organizaci\u00f3n municipal para la realizaci\u00f3n del evento.<\/p>\n\n\n\n<p class=\"wp-block-paragraph\"><strong><em>\u00abMe llevo todos los aprendizajes durante la agenda de candidatas, todo el compromiso, todo el compa\u00f1erismo que se comparti\u00f3 entre todas nosotras&#8230; Soy s\u00faper agradecida con el equipo excelente que nos acompa\u00f1\u00f3 durante este proceso. Nos contuvieron en cada momento\u00bb<\/em><\/strong>, concluy\u00f3 la nueva representante palpalense, quien ya se prepara para vivir las pr\u00f3ximas vivencias de la Fiesta Nacional de los Estudiantes<\/p>\n\n\n\n<h2 class=\"wp-block-heading\">Las j\u00f3venes que la acompa\u00f1ar\u00e1n<\/h2>\n\n\n\n<p class=\"wp-block-paragraph\">Adem\u00e1s de la nueva representante departamental, durante la noche fueron reconocidas las j\u00f3venes que ocupar\u00e1n los distintos lugares de acompa\u00f1amiento.<\/p>\n\n\n\n<p class=\"wp-block-paragraph\"><strong>Primera Princesa:<\/strong>&nbsp;Catalina Orellano Arias &#8211; Colegio Fasta San Alberto Magno<\/p>\n\n\n\n<p class=\"wp-block-paragraph\"><strong>Segunda Princesa:<\/strong>&nbsp;Bianca Z\u00fa\u00f1iga &#8211; Escuela de Educaci\u00f3n T\u00e9cnica 1 \u201cGeneral Savio\u201d<\/p>\n\n\n\n<p class=\"wp-block-paragraph\"><strong>Primera Dama de Honor:<\/strong>&nbsp;Pilar Rodr\u00edguez Valdez &#8211; Colegio Sagrado Coraz\u00f3n<\/p>\n\n\n\n<p class=\"wp-block-paragraph\"><strong>Segunda Dama de Honor:&nbsp;<\/strong>P\u00eda Alvarado Mansilla &#8211; Colegio Modelo Palpal\u00e1<\/p>\n\n\n\n<h2 class=\"wp-block-heading\">Palpal\u00e1, rumbo a la Elecci\u00f3n Provincial<\/h2>\n\n\n\n<p class=\"wp-block-paragraph\">Con esta elecci\u00f3n, Palpal\u00e1 ya tiene a su representante para la siguiente instancia de la Fiesta Nacional de los Estudiantes.<\/p>\n\n\n\n<p class=\"wp-block-paragraph\">La joven elegida tendr\u00e1 como pr\u00f3ximo objetivo la Elecci\u00f3n Provincial de la FNE 2026 que se realiza el 21 de septiembre, donde buscar\u00e1 convertirse en la representante de Jujuy para la instancia nacional.<\/p>\n","protected":false},"excerpt":{"rendered":"<p>Palpal\u00e1 vivi\u00f3 una noche de emoci\u00f3n y expectativa con la Elecci\u00f3n Departamental de la FNE 2026. Victoria Isabel Dietz fue elegida como representante. La noche estudiantil se vivi\u00f3 con emoci\u00f3n en el Estadio Ol\u00edmpico de Palpal\u00e1, donde este viernes se llev\u00f3 adelante la\u00a0Elecci\u00f3n Departamental en el marco de la FNE 2026. Victoria Dietz fue la [&hellip;]<\/p>\n","protected":false},"author":7,"featured_media":21212,"comment_status":"open","ping_status":"open","sticky":false,"template":"","format":"standard","meta":{"_themeisle_gutenberg_block_has_review":false,"footnotes":""},"categories":[2714],"tags":[58],"class_list":["post-21211","post","type-post","status-publish","format-standard","has-post-thumbnail","hentry","category-shows-y-eventos","tag-jujuy"],"_links":{"self":[{"href":"https:\/\/horapicodigital.com.ar\/index.php\/wp-json\/wp\/v2\/posts\/21211","targetHints":{"allow":["GET"]}}],"collection":[{"href":"https:\/\/horapicodigital.com.ar\/index.php\/wp-json\/wp\/v2\/posts"}],"about":[{"href":"https:\/\/horapicodigital.com.ar\/index.php\/wp-json\/wp\/v2\/types\/post"}],"author":[{"embeddable":true,"href":"https:\/\/horapicodigital.com.ar\/index.php\/wp-json\/wp\/v2\/users\/7"}],"replies":[{"embeddable":true,"href":"https:\/\/horapicodigital.com.ar\/index.php\/wp-json\/wp\/v2\/comments?post=21211"}],"version-history":[{"count":1,"href":"https:\/\/horapicodigital.com.ar\/index.php\/wp-json\/wp\/v2\/posts\/21211\/revisions"}],"predecessor-version":[{"id":21213,"href":"https:\/\/horapicodigital.com.ar\/index.php\/wp-json\/wp\/v2\/posts\/21211\/revisions\/21213"}],"wp:featuredmedia":[{"embeddable":true,"href":"https:\/\/horapicodigital.com.ar\/index.php\/wp-json\/wp\/v2\/media\/21212"}],"wp:attachment":[{"href":"https:\/\/horapicodigital.com.ar\/index.php\/wp-json\/wp\/v2\/media?parent=21211"}],"wp:term":[{"taxonomy":"category","embeddable":true,"href":"https:\/\/horapicodigital.com.ar\/index.php\/wp-json\/wp\/v2\/categories?post=21211"},{"taxonomy":"post_tag","embeddable":true,"href":"https:\/\/horapicodigital.com.ar\/index.php\/wp-json\/wp\/v2\/tags?post=21211"}],"curies":[{"name":"wp","href":"https:\/\/api.w.org\/{rel}","templated":true}]}}