{"id":21208,"date":"2026-09-04T07:08:15","date_gmt":"2026-09-04T10:08:15","guid":{"rendered":"https:\/\/horapicodigital.com.ar\/?p=21208"},"modified":"2026-09-04T07:08:16","modified_gmt":"2026-09-04T10:08:16","slug":"del-calor-al-frio-jujuy-tendra-un-fuerte-descenso-de-temperatura-el-fin-de-semana","status":"publish","type":"post","link":"https:\/\/horapicodigital.com.ar\/index.php\/2026\/09\/04\/del-calor-al-frio-jujuy-tendra-un-fuerte-descenso-de-temperatura-el-fin-de-semana\/","title":{"rendered":"Del calor al fr\u00edo: Jujuy tendr\u00e1 un fuerte descenso de temperatura el fin de semana"},"content":{"rendered":"\n<p class=\"wp-block-paragraph\">Luego de un mini verano, en algunos sectores de la provincia se sentir\u00e1\u00a0<strong>un brusco cambio\u00a0<\/strong>en las temperaturas este fin de semana.<\/p>\n\n\n\n<p class=\"wp-block-paragraph\">Un\u00a0<strong>brusco cambio de temperatura se espera para este fin de semana en Jujuy<\/strong>, con un descenso que comenzar\u00e1 a sentirse durante el s\u00e1bado y se intensificar\u00e1 el domingo. Seg\u00fan el pron\u00f3stico de Meteored, la provincia pasar\u00e1 de una m\u00e1xima de 21\u00b0C el viernes a apenas 7\u00b0C durante la \u00faltima jornada del fin de semana.<\/p>\n\n\n\n<p class=\"wp-block-paragraph\">El meteor\u00f3logo&nbsp;<strong>Edgardo Escobar<\/strong>&nbsp;explic\u00f3 a Canal 4 que el cambio estar\u00e1 relacionado con el&nbsp;<strong>ingreso de una corriente en chorro<\/strong>, situaci\u00f3n que favorecer\u00e1 el descenso t\u00e9rmico y el aumento de la inestabilidad. Anticip\u00f3 que luego de las altas temperaturas de este jueves, \u00abel d\u00eda viernes puede haber un descenso en las temperaturas m\u00e1ximas y con baja probabilidad de precipitaciones\u00bb, continuando este fen\u00f3meno el s\u00e1bado y domingo.<\/p>\n\n\n\n<h2 class=\"wp-block-heading\">Viernes todav\u00eda con temperaturas agradables<\/h2>\n\n\n\n<p class=\"wp-block-paragraph\">Antes del cambio, el viernes se presentar\u00e1 con condiciones relativamente estables pero m\u00e1s bajas que el jueves que lleg\u00f3 a 30\u00ba. Se prev\u00e9 una&nbsp;<strong>temperatura m\u00e1xima de 21\u00b0C y una m\u00ednima de 9\u00b0C<\/strong>, con pocas probabilidades de precipitaciones.<\/p>\n\n\n\n<p class=\"wp-block-paragraph\">Ser\u00e1 la jornada m\u00e1s templada del fin de semana, antes del ingreso del aire m\u00e1s fr\u00edo previsto para las horas siguientes.<\/p>\n\n\n\n<h2 class=\"wp-block-heading\">El descenso comenzar\u00e1 el s\u00e1bado<\/h2>\n\n\n\n<p class=\"wp-block-paragraph\">Durante el s\u00e1bado empezar\u00e1 a sentirse con mayor claridad el cambio de condiciones. La&nbsp;<strong>m\u00e1xima descender\u00e1 hasta los 16\u00b0C y la m\u00ednima rondar\u00e1 los 5\u00b0C<\/strong>.<\/p>\n\n\n\n<p class=\"wp-block-paragraph\">Adem\u00e1s del descenso de temperatura, aumentar\u00e1 la probabilidad de lluvias, anticipando el escenario m\u00e1s fr\u00edo previsto para el domingo.<\/p>\n\n\n\n<h2 class=\"wp-block-heading\">Domingo: m\u00e1xima de apenas 7\u00b0C y lluvias<\/h2>\n\n\n\n<p class=\"wp-block-paragraph\">El cambio m\u00e1s marcado llegar\u00e1 el domingo. Para esa jornada, Meteored anticipa una&nbsp;<strong>m\u00e1xima de solo 7\u00b0C y una m\u00ednima cercana a 1\u00b0C<\/strong>.<\/p>\n\n\n\n<p class=\"wp-block-paragraph\">Tambi\u00e9n se esperan&nbsp;<strong>lluvias<\/strong>, por lo que la combinaci\u00f3n de precipitaciones y bajas temperaturas podr\u00eda generar una sensaci\u00f3n t\u00e9rmica todav\u00eda menor.<\/p>\n\n\n\n<p class=\"wp-block-paragraph\">De cumplirse el pron\u00f3stico, entre el viernes y el domingo la temperatura m\u00e1xima experimentar\u00e1 una&nbsp;<strong>ca\u00edda de 14 grados<\/strong>, pasando de 21\u00b0C a 7\u00b0C en apenas dos d\u00edas.<\/p>\n","protected":false},"excerpt":{"rendered":"<p>Luego de un mini verano, en algunos sectores de la provincia se sentir\u00e1\u00a0un brusco cambio\u00a0en las temperaturas este fin de semana. Un\u00a0brusco cambio de temperatura se espera para este fin de semana en Jujuy, con un descenso que comenzar\u00e1 a sentirse durante el s\u00e1bado y se intensificar\u00e1 el domingo. Seg\u00fan el pron\u00f3stico de Meteored, la [&hellip;]<\/p>\n","protected":false},"author":7,"featured_media":21209,"comment_status":"open","ping_status":"open","sticky":false,"template":"","format":"standard","meta":{"_themeisle_gutenberg_block_has_review":false,"footnotes":""},"categories":[2711],"tags":[58],"class_list":["post-21208","post","type-post","status-publish","format-standard","has-post-thumbnail","hentry","category-clima","tag-jujuy"],"_links":{"self":[{"href":"https:\/\/horapicodigital.com.ar\/index.php\/wp-json\/wp\/v2\/posts\/21208","targetHints":{"allow":["GET"]}}],"collection":[{"href":"https:\/\/horapicodigital.com.ar\/index.php\/wp-json\/wp\/v2\/posts"}],"about":[{"href":"https:\/\/horapicodigital.com.ar\/index.php\/wp-json\/wp\/v2\/types\/post"}],"author":[{"embeddable":true,"href":"https:\/\/horapicodigital.com.ar\/index.php\/wp-json\/wp\/v2\/users\/7"}],"replies":[{"embeddable":true,"href":"https:\/\/horapicodigital.com.ar\/index.php\/wp-json\/wp\/v2\/comments?post=21208"}],"version-history":[{"count":1,"href":"https:\/\/horapicodigital.com.ar\/index.php\/wp-json\/wp\/v2\/posts\/21208\/revisions"}],"predecessor-version":[{"id":21210,"href":"https:\/\/horapicodigital.com.ar\/index.php\/wp-json\/wp\/v2\/posts\/21208\/revisions\/21210"}],"wp:featuredmedia":[{"embeddable":true,"href":"https:\/\/horapicodigital.com.ar\/index.php\/wp-json\/wp\/v2\/media\/21209"}],"wp:attachment":[{"href":"https:\/\/horapicodigital.com.ar\/index.php\/wp-json\/wp\/v2\/media?parent=21208"}],"wp:term":[{"taxonomy":"category","embeddable":true,"href":"https:\/\/horapicodigital.com.ar\/index.php\/wp-json\/wp\/v2\/categories?post=21208"},{"taxonomy":"post_tag","embeddable":true,"href":"https:\/\/horapicodigital.com.ar\/index.php\/wp-json\/wp\/v2\/tags?post=21208"}],"curies":[{"name":"wp","href":"https:\/\/api.w.org\/{rel}","templated":true}]}}