{"id":21205,"date":"2026-09-04T07:06:27","date_gmt":"2026-09-04T10:06:27","guid":{"rendered":"https:\/\/horapicodigital.com.ar\/?p=21205"},"modified":"2026-09-04T07:06:28","modified_gmt":"2026-09-04T10:06:28","slug":"internas-en-el-pj-jujuy-la-justicia-electoral-revoco-el-rechazo-contra-la-lista-celeste-y-blanca","status":"publish","type":"post","link":"https:\/\/horapicodigital.com.ar\/index.php\/2026\/09\/04\/internas-en-el-pj-jujuy-la-justicia-electoral-revoco-el-rechazo-contra-la-lista-celeste-y-blanca\/","title":{"rendered":"Internas en el PJ Jujuy: la Justicia Electoral revoc\u00f3 el rechazo contra la Lista Celeste y Blanca"},"content":{"rendered":"\n<h2 class=\"wp-block-heading\">Luego de este fallo de la Justicia Electoral, se deber\u00e1 analizar nuevamente las correcciones presentadas por la Lista Celeste y Blanca para las internas del Partido Justicialista.<\/h2>\n\n\n\n<p class=\"wp-block-paragraph\"><a href=\"https:\/\/news.google.com\/publications\/CAAqKAgKIiJDQklTRXdnTWFnOEtEWFJ2Wkc5cWRXcDFlUzVqYjIwb0FBUAE?ceid=AR:es-419&amp;oc=3&amp;hl=es-419&amp;gl=AR\" target=\"_blank\" rel=\"noopener\"><\/a><\/p>\n\n\n\n<p class=\"wp-block-paragraph\">La\u00a0<strong>C\u00e1mara Nacional Electoral<\/strong>\u00a0hizo lugar al planteo de la Lista 2 \u201cCeleste y Blanca\u201d, que encabeza Rub\u00e9n Rivarola, y dispuso que se analicen nuevamente, de manera individual, las correcciones presentadas para su oficializaci\u00f3n.<\/p>\n\n\n\n<p class=\"wp-block-paragraph\">De esta manera la C\u00e1mara Nacional Electoral revoc\u00f3 el rechazo que hab\u00eda dejado a la n\u00f3mina fuera de competencia y orden\u00f3 que la Justicia Federal vuelva a analizar su situaci\u00f3n.<\/p>\n\n\n\n<p class=\"wp-block-paragraph\">Si el juzgado determina que la Lista 2 cumpliment\u00f3 las pautas requeridas quedar\u00e1 habilitada para competir en la elecci\u00f3n&nbsp;<strong><a href=\"https:\/\/www.todojujuy.com\/jujuy\/internas-el-pj-el-juez-hansen-intimo-la-junta-electoral-entregar-documentacion-la-lista-n2-n294876\" target=\"_blank\" rel=\"noopener\">interna del Partido Justicialista<\/a><\/strong>&nbsp;juje\u00f1o, que inicialmente se iban a realizar el pasado 30 de agosto.<\/p>\n\n\n\n<p class=\"wp-block-paragraph\">Es importante recordar que el caso se hab\u00eda originado tras la Resoluci\u00f3n N\u00b0 22 de la Junta Electoral Partidaria, la cual rechaz\u00f3 la oficializaci\u00f3n de la Lista Celeste y Blanca argumentando que la presentaci\u00f3n original presentaba \u201cdefectos sustanciales que afectaban la existencia misma de la lista como acto jur\u00eddico v\u00e1lido\u201d.<\/p>\n\n\n\n<p class=\"wp-block-paragraph\">Tras la impugnaci\u00f3n de este acto, el Juez Federal de Jujuy, Esteban Hansen, hab\u00eda respaldado la postura partidaria y ratificado la exclusi\u00f3n de la n\u00f3mina.<\/p>\n\n\n\n<p class=\"wp-block-paragraph\">Aunque la C\u00e1mara no oficializ\u00f3 directamente la lista, el fallo modifica sustancialmente el escenario y obliga a revisar una decisi\u00f3n que hab\u00eda impedido su participaci\u00f3n. El Tribunal consider\u00f3 que esas modificaciones deb\u00edan ser analizadas de manera individual antes de resolver definitivamente sobre la oficializaci\u00f3n de la lista.<\/p>\n\n\n\n<p class=\"wp-block-paragraph\">De esta manera, la resoluci\u00f3n abre nuevamente la puerta a la participaci\u00f3n de la Lista Celeste y Blanca en la interna partidaria.<\/p>\n\n\n\n<h2 class=\"wp-block-heading\"><strong>C\u00f3mo sigue el proceso<\/strong><\/h2>\n\n\n\n<p class=\"wp-block-paragraph\">La C\u00e1mara Nacional Electoral dispuso reexpedir las actuaciones al Juzgado Federal de Jujuy y el juez de primera instancia deber\u00e1 verificar, de manera individual y concreta, si las correcciones de la Lista N\u00b0 2 cumplen con los requisitos formales y sustanciales de oficializaci\u00f3n fundamentando cada rechazo u homologaci\u00f3n.<\/p>\n\n\n\n<p class=\"wp-block-paragraph\">As\u00ed tambi\u00e9n el Juez Federal deber\u00e1 revisar los candidatos de la Lista N\u00b0 2 \u00abCeleste y Blanca\u00bb y fundamentar si cada uno cumple o no con las exigencias estatutarias y legales.<\/p>\n\n\n\n<p class=\"wp-block-paragraph\">El tribunal se\u00f1al\u00f3 adem\u00e1s que durante las elecciones partidarias la Justicia Electoral debe resguardar los derechos y oportunidades de participaci\u00f3n de las distintas corrientes internas, recordando que el proceso electoral del Partido Justicialista de Jujuy se encuentra bajo una intervenci\u00f3n judicial.<\/p>\n","protected":false},"excerpt":{"rendered":"<p>Luego de este fallo de la Justicia Electoral, se deber\u00e1 analizar nuevamente las correcciones presentadas por la Lista Celeste y Blanca para las internas del Partido Justicialista. La\u00a0C\u00e1mara Nacional Electoral\u00a0hizo lugar al planteo de la Lista 2 \u201cCeleste y Blanca\u201d, que encabeza Rub\u00e9n Rivarola, y dispuso que se analicen nuevamente, de manera individual, las correcciones [&hellip;]<\/p>\n","protected":false},"author":7,"featured_media":21206,"comment_status":"open","ping_status":"open","sticky":false,"template":"","format":"standard","meta":{"_themeisle_gutenberg_block_has_review":false,"footnotes":""},"categories":[33],"tags":[58],"class_list":["post-21205","post","type-post","status-publish","format-standard","has-post-thumbnail","hentry","category-politica","tag-jujuy"],"_links":{"self":[{"href":"https:\/\/horapicodigital.com.ar\/index.php\/wp-json\/wp\/v2\/posts\/21205","targetHints":{"allow":["GET"]}}],"collection":[{"href":"https:\/\/horapicodigital.com.ar\/index.php\/wp-json\/wp\/v2\/posts"}],"about":[{"href":"https:\/\/horapicodigital.com.ar\/index.php\/wp-json\/wp\/v2\/types\/post"}],"author":[{"embeddable":true,"href":"https:\/\/horapicodigital.com.ar\/index.php\/wp-json\/wp\/v2\/users\/7"}],"replies":[{"embeddable":true,"href":"https:\/\/horapicodigital.com.ar\/index.php\/wp-json\/wp\/v2\/comments?post=21205"}],"version-history":[{"count":1,"href":"https:\/\/horapicodigital.com.ar\/index.php\/wp-json\/wp\/v2\/posts\/21205\/revisions"}],"predecessor-version":[{"id":21207,"href":"https:\/\/horapicodigital.com.ar\/index.php\/wp-json\/wp\/v2\/posts\/21205\/revisions\/21207"}],"wp:featuredmedia":[{"embeddable":true,"href":"https:\/\/horapicodigital.com.ar\/index.php\/wp-json\/wp\/v2\/media\/21206"}],"wp:attachment":[{"href":"https:\/\/horapicodigital.com.ar\/index.php\/wp-json\/wp\/v2\/media?parent=21205"}],"wp:term":[{"taxonomy":"category","embeddable":true,"href":"https:\/\/horapicodigital.com.ar\/index.php\/wp-json\/wp\/v2\/categories?post=21205"},{"taxonomy":"post_tag","embeddable":true,"href":"https:\/\/horapicodigital.com.ar\/index.php\/wp-json\/wp\/v2\/tags?post=21205"}],"curies":[{"name":"wp","href":"https:\/\/api.w.org\/{rel}","templated":true}]}}