{"id":21199,"date":"2026-09-04T06:50:16","date_gmt":"2026-09-04T09:50:16","guid":{"rendered":"https:\/\/horapicodigital.com.ar\/?p=21199"},"modified":"2026-09-04T06:50:17","modified_gmt":"2026-09-04T09:50:17","slug":"javier-milei-anuncio-nuevas-medidas-por-malvinas-sanciones-a-petroleras-una-base-naval-y-un-consejo-de-seguridad","status":"publish","type":"post","link":"https:\/\/horapicodigital.com.ar\/index.php\/2026\/09\/04\/javier-milei-anuncio-nuevas-medidas-por-malvinas-sanciones-a-petroleras-una-base-naval-y-un-consejo-de-seguridad\/","title":{"rendered":"Javier Milei anunci\u00f3 nuevas medidas por Malvinas: sanciones a petroleras, una base naval y un Consejo de Seguridad"},"content":{"rendered":"\n<h2 class=\"wp-block-heading\"><strong>Javier Milei<\/strong>&nbsp;anticip\u00f3 medidas para reforzar el&nbsp;<strong>reclamo de soberan\u00eda sobre las Islas Malvinas,<\/strong>&nbsp;con sanciones a la explotaci\u00f3n unilateral de recursos y una base naval integrada en Tierra del Fuego..<\/h2>\n\n\n\n<p class=\"wp-block-paragraph\"><strong>Javier Milei<\/strong>\u00a0emiti\u00f3 su mensaje en cadena nacional donde aludi\u00f3 al\u00a0<strong>reclamo argentino por las Islas Malvinas<\/strong>, anunci\u00f3 medidas y detall\u00f3 la pol\u00edtica que su gesti\u00f3n implementa.\u00a0<strong>El Presidente estuvo acompa\u00f1ado por su Gabinete en un discurso grabado en Casa Rosada<\/strong>.<\/p>\n\n\n\n<p class=\"wp-block-paragraph\">Alrededor del mandatario estuvieron la secretaria general de la Presidencia, Karina Milei; el jefe de Gabinete, Diego Santilli; los ministros Mario Lugones (Salud), Sandra Pettovello (Capital Humano), Luis \u201cToto\u201d Caputo (Econom\u00eda) Carlos Presti (Defensa), Alejandra Monteoliva (Seguridad), Federico Sturzenegger (Desregulaci\u00f3n), Pablo Quirno (Canciller\u00eda) y Juan Bautista Mahiques (Justicia).<\/p>\n\n\n\n<p class=\"wp-block-paragraph\">Adem\u00e1s, estuvieron el presidente de la C\u00e1mara de Diputados, Mart\u00edn Menem; la jefa del bloque de La Libertad Avanza en el Senado, Patricia Bullrich, representando a la pata legislativa. Detr\u00e1s de c\u00e1mara, observando todo se encontraban el asesor presidencial, Santiago Caputo; el vocero, Adri\u00e1n Ravier, y el secretario de Comunicaci\u00f3n y Prensa, Fabi\u00e1n Fern\u00e1ndez.<\/p>\n\n\n\n<p class=\"wp-block-paragraph\"><strong>\u00abLas Malvinas son argentinas, por historia y por derecho, no hay discusi\u00f3n al respecto\u00bb<\/strong>, asegur\u00f3 Milei y apunt\u00f3 que \u00ablas Islas formaron parte del territorio argentino desde los or\u00edgenes de nuestra la Naci\u00f3n\u00bb y que \u00aben 1833 el Reino Unido ocup\u00f3 las Malvinas, expuls\u00f3 a las autoridades argentinas e instal\u00f3 una situaci\u00f3n colonial que se perpet\u00faa hasta nuestros d\u00edas\u00bb.&nbsp;<strong>Afirm\u00f3 que los isle\u00f1os \u00abno tienen un derecho leg\u00edtimo a la autodeterminaci\u00f3n\u00bb.<\/strong><\/p>\n\n\n\n<p class=\"wp-block-paragraph\">En su mensaje, agreg\u00f3 que \u00ab<strong>desde hace 50 a\u00f1os las Naciones Unidas solicitan a la Argentina y al Reino Unido no realizar acciones unilaterales sobre el territorio hasta que se resuelva la controversia<\/strong>\u00ab, y sobre la explotaci\u00f3n de recursos naturales, afirm\u00f3 que \u00abel Reino Unido ha incumplido sistem\u00e1ticamente este llamado\u00bb<\/p>\n\n\n\n<p class=\"wp-block-paragraph\">El mandatario indic\u00f3 que detectaron que&nbsp;<strong>el proyecto Sea Lion \u00abtiene fecha para iniciar la explotaci\u00f3n petrolera off shore en alg\u00fan momento de los pr\u00f3ximos meses\u00bb<\/strong>, y remarc\u00f3 que esa maniobra le dar\u00e1 al gobierno brit\u00e1nico la \u00abcapacidad material de apropiarse de las reservas de petr\u00f3leo que yacen bajo nuestro mar\u00bb.<\/p>\n\n\n\n<h2 class=\"wp-block-heading\">Proyecto para endurecer sanciones<\/h2>\n\n\n\n<p class=\"wp-block-paragraph\">Milei confirm\u00f3 que&nbsp;<strong>quiere modificar la Ley N\u00b0 26.659 para \u00abendurecer las sanciones y penas contras las compa\u00f1\u00edas\u00bb<\/strong>&nbsp;vinculadas a emprendimientos no autorizados, y detall\u00f3 que busca crear un Consejo de Seguridad Nacional para definir \u00abla pol\u00edtica de seguridad nacional de forma transversal a todo el Estado\u00bb, adem\u00e1s de establecer un&nbsp;<strong>r\u00e9gimen de protecci\u00f3n de infraestructuras cr\u00edticas y un marco de protecci\u00f3n aeroespacial y mar\u00edtima.<\/strong><\/p>\n\n\n\n<p class=\"wp-block-paragraph\">Anticip\u00f3 que desplegar\u00e1 \u201c<strong>todas las herramientas del Estado, diplom\u00e1ticas, econ\u00f3micas, judiciales y legales para disuadir a los actores estatales y no estatales que violenten la soberan\u00eda sobre las Islas Malvinas<\/strong>. La Canciller\u00eda argentina ya ha enviado cerca de 180 notas de desaliento a empresas y a m\u00e1s de 29 pa\u00edses involucrados en distintos proyectos en nuestras islas\u201d.<\/p>\n\n\n\n<p class=\"wp-block-paragraph\">Milei anticip\u00f3 que por la noche&nbsp;<strong>firmar\u00e1 un decreto para \u201cdotar de mayor celeridad a los procedimientos sancionatorios<\/strong>&nbsp;que impone la ley 26.659 contra quienes participan de iniciativas de explotaci\u00f3n de petr\u00f3leo\u201d.<\/p>\n\n\n\n<h2 class=\"wp-block-heading\">Javier Milei y una Base Naval<\/h2>\n\n\n\n<p class=\"wp-block-paragraph\">Milei anunci\u00f3 un&nbsp;<strong>DNU para ampliar los recursos del Ministerio de Defensa para construir una Base Naval Integrada en Tierra del Fuego<\/strong>&nbsp;e incrementar las capacidades en telecomunicaciones. \u00abNos va a convertir en un polo log\u00edstico m\u00e1s importante del Atl\u00e1ntico sur y ser\u00e1 fundamental para la proyecci\u00f3n geopol\u00edtica de la Argentina\u00bb.<\/p>\n\n\n\n<h2 class=\"wp-block-heading\">Proyecto de Ley de Defensa de Soberan\u00eda Nacional<\/h2>\n\n\n\n<p class=\"wp-block-paragraph\">Javier Milei anunci\u00f3 que&nbsp;<strong>enviar\u00e1 un proyecto de Ley de Defensa de Soberan\u00eda Nacional<\/strong>&nbsp;con varios objetivos como modificar la Ley 26.659 para endurecer las sanciones y penas contra la compa\u00f1\u00edas vinculadas a operaciones no autorizadas; crear el Consejo de Seguridad Nacional \u00abque definir\u00e1 una pol\u00edtica de Seguridad nacional de aplicaci\u00f3n obligatoria y transversal a todo el Estado\u00bb y que establecer\u00e1 \u00abun marco para la protecci\u00f3n de la infraestructura cr\u00edtica y la protecci\u00f3n aeroespacial y mar\u00edtima de la Naci\u00f3n\u00bb.<\/p>\n\n\n\n<p class=\"wp-block-paragraph\">Milei afirm\u00f3 que&nbsp;<strong>se le pedir\u00e1 al Congreso \u00abque le otorgue al Consejo facultades para que el Estado pueda responder con herramientas econ\u00f3micas y diplom\u00e1ticas<\/strong>&nbsp;frente a actores estatales que amenacen la seguridad nacional\u00bb.<\/p>\n\n\n\n<h2 class=\"wp-block-heading\">Convocatoria<\/h2>\n\n\n\n<p class=\"wp-block-paragraph\"><strong>Milei convoc\u00f3 \u201ca la dirigencia pol\u00edtica, econ\u00f3mica y social<\/strong>&nbsp;a mostrar un frente unido\u201d en la causa por la soberan\u00eda de las Islas Malvinas. \u201c<strong>Este tema demanda una pausa, que hagamos nuestras armas a un lado y mostremos un frente unido ante el mundo<\/strong>&nbsp;como Naci\u00f3n y como sociedad. Hay causas que est\u00e1n por encima de cualquier diferencia pol\u00edtica y Malvinas es una de ellas\u201d, expres\u00f3.<\/p>\n\n\n\n<p class=\"wp-block-paragraph\"><strong>\u00abDebemos entender que la prosperidad es condici\u00f3n necesaria para la seguridad<\/strong>&nbsp;y la seguridad es condici\u00f3n necesaria para la supervivencia. Eso es tener una pol\u00edtica de seguridad nacional. La seguridad nacional no es solamente la defensa f\u00edsica de nuestro territorio. Es aquello que asegura la supervivencia y la prosperidad de la Naci\u00f3n a lo largo del tiempo\u00bb, sostuvo y agreg\u00f3: \u00abPor eso se engloba la defensa la seguridad y la inteligencia, pero tambi\u00e9n la econom\u00eda\u00bb, agreg\u00f3.<\/p>\n\n\n\n<p class=\"wp-block-paragraph\"><strong>\u00abLes pedimos a quienes son amigos de la Argentina que no miren para otro lado cuando se vulnera la soberan\u00eda y se llevan nuestros recursos\u00bb<\/strong>, y dijo que Argentina entabl\u00f3 \u00ablazos estrechos con pa\u00edses afines\u00bb con los cuales mantiene \u00abuna convergencia de intereses. Ahora confiamos en que esos mismos aliados estar\u00e1n de nuestro lado en el reclamo leg\u00edtimo y pac\u00edfico que hoy impulsamos\u00bb.<\/p>\n\n\n\n<h2 class=\"wp-block-heading\">El comunicado de Presidencia<\/h2>\n\n\n\n<p class=\"wp-block-paragraph\">La Oficina del Presidente comparti\u00f3 un&nbsp;<strong>comunicado en el que confirm\u00f3 la firma del decreto reglamentario y el env\u00edo del proyecto de ley<\/strong>&nbsp;que minutos antes hab\u00eda anunciado Javier Milei en respuesta al avance del proyecto Sea Lion hacia la explotaci\u00f3n de petr\u00f3leo en las Islas Malvinas sin autorizaci\u00f3n de la Rep\u00fablica Argentina.<\/p>\n\n\n\n<p class=\"wp-block-paragraph\">Apuntaron que \u00ab<strong>recuperar el ejercicio pleno de nuestra soberan\u00eda sobre las Islas Malvinas es un mandato de la Constituci\u00f3n Nacional<\/strong>&nbsp;y un objetivo permanente e irrenunciable del pueblo argentino. Por eso, no alcanza con sostener nuestro reclamo: el Estado argentino tiene la obligaci\u00f3n de utilizar todas las herramientas diplom\u00e1ticas, econ\u00f3micas, judiciales y legales disponibles para defender nuestra soberan\u00eda y nuestros recursos\u00bb.<\/p>\n\n\n\n<p class=\"wp-block-paragraph\"><strong>\u00abMalvinas no pertenece a un gobierno ni a un partido politice<\/strong>. Es una causa nacional. Podemos tener diferencias sobre cualquier otra cuesti\u00f3n, pero la defensa de nuestra soberan\u00eda exige que los argentinos mostremos un frente unido ante el mundo. Defender nuestra soberan\u00eda requiere pensar en las pr\u00f3ximas generaciones y no solamente en la pr\u00f3xima elecci\u00f3n\u00bb, cierra el mensaje oficial.<\/p>\n","protected":false},"excerpt":{"rendered":"<p>Javier Milei&nbsp;anticip\u00f3 medidas para reforzar el&nbsp;reclamo de soberan\u00eda sobre las Islas Malvinas,&nbsp;con sanciones a la explotaci\u00f3n unilateral de recursos y una base naval integrada en Tierra del Fuego.. Javier Milei\u00a0emiti\u00f3 su mensaje en cadena nacional donde aludi\u00f3 al\u00a0reclamo argentino por las Islas Malvinas, anunci\u00f3 medidas y detall\u00f3 la pol\u00edtica que su gesti\u00f3n implementa.\u00a0El Presidente estuvo [&hellip;]<\/p>\n","protected":false},"author":7,"featured_media":21200,"comment_status":"open","ping_status":"open","sticky":false,"template":"","format":"standard","meta":{"_themeisle_gutenberg_block_has_review":false,"footnotes":""},"categories":[33],"tags":[19,85],"class_list":["post-21199","post","type-post","status-publish","format-standard","has-post-thumbnail","hentry","category-politica","tag-mundo","tag-pais"],"_links":{"self":[{"href":"https:\/\/horapicodigital.com.ar\/index.php\/wp-json\/wp\/v2\/posts\/21199","targetHints":{"allow":["GET"]}}],"collection":[{"href":"https:\/\/horapicodigital.com.ar\/index.php\/wp-json\/wp\/v2\/posts"}],"about":[{"href":"https:\/\/horapicodigital.com.ar\/index.php\/wp-json\/wp\/v2\/types\/post"}],"author":[{"embeddable":true,"href":"https:\/\/horapicodigital.com.ar\/index.php\/wp-json\/wp\/v2\/users\/7"}],"replies":[{"embeddable":true,"href":"https:\/\/horapicodigital.com.ar\/index.php\/wp-json\/wp\/v2\/comments?post=21199"}],"version-history":[{"count":1,"href":"https:\/\/horapicodigital.com.ar\/index.php\/wp-json\/wp\/v2\/posts\/21199\/revisions"}],"predecessor-version":[{"id":21201,"href":"https:\/\/horapicodigital.com.ar\/index.php\/wp-json\/wp\/v2\/posts\/21199\/revisions\/21201"}],"wp:featuredmedia":[{"embeddable":true,"href":"https:\/\/horapicodigital.com.ar\/index.php\/wp-json\/wp\/v2\/media\/21200"}],"wp:attachment":[{"href":"https:\/\/horapicodigital.com.ar\/index.php\/wp-json\/wp\/v2\/media?parent=21199"}],"wp:term":[{"taxonomy":"category","embeddable":true,"href":"https:\/\/horapicodigital.com.ar\/index.php\/wp-json\/wp\/v2\/categories?post=21199"},{"taxonomy":"post_tag","embeddable":true,"href":"https:\/\/horapicodigital.com.ar\/index.php\/wp-json\/wp\/v2\/tags?post=21199"}],"curies":[{"name":"wp","href":"https:\/\/api.w.org\/{rel}","templated":true}]}}