{"id":21188,"date":"2026-09-03T08:22:44","date_gmt":"2026-09-03T11:22:44","guid":{"rendered":"https:\/\/horapicodigital.com.ar\/?p=21188"},"modified":"2026-09-03T08:22:45","modified_gmt":"2026-09-03T11:22:45","slug":"fuerte-baja-de-nacimientos-en-jujuy-disminuyeron-mas-del-50-en-la-ultima-decada","status":"publish","type":"post","link":"https:\/\/horapicodigital.com.ar\/index.php\/2026\/09\/03\/fuerte-baja-de-nacimientos-en-jujuy-disminuyeron-mas-del-50-en-la-ultima-decada\/","title":{"rendered":"Fuerte baja de nacimientos en Jujuy: disminuyeron m\u00e1s del 50% en la \u00faltima d\u00e9cada"},"content":{"rendered":"\n<p class=\"wp-block-paragraph\">La directora de Maternidad, Infancia y Adolescencia explic\u00f3 que Jujuy acompa\u00f1a una tendencia nacional y destac\u00f3 el mayor acceso a m\u00e9todos anticonceptivos.<\/p>\n\n\n\n<p class=\"wp-block-paragraph\">La<strong>\u00a0cantidad de nacimientos en Jujuy disminuy\u00f3 m\u00e1s del 50% desde 2015,<\/strong>\u00a0una tendencia que tambi\u00e9n se registra en el resto del pa\u00eds y en otros puntos de Am\u00e9rica Latina. As\u00ed lo explic\u00f3 la Dra. Claudia Castro, directora de Maternidad, Infancia y Adolescencia de la provincia, dando a conocer algunos n\u00fameros importantes.<\/p>\n\n\n\n<p class=\"wp-block-paragraph\">\u201cSi nosotros hacemos un comparativo, desde 2015 hasta la fecha, pr\u00e1cticamente tenemos m\u00e1s del 50% de disminuci\u00f3n de los nacimientos en Jujuy. Una realidad que acompa\u00f1a a toda Argentina y a toda Am\u00e9rica Latina\u201d, se\u00f1al\u00f3 Castro.<\/p>\n\n\n\n<p class=\"wp-block-paragraph\">La tendencia provincial se enmarca en un fen\u00f3meno que atraviesa todo el pa\u00eds. En Argentina, los nacimientos pasaron de&nbsp;<strong>777.012 en 2014 a 413.135 en 2024<\/strong>, una ca\u00edda cercana al 47% en diez a\u00f1os. Adem\u00e1s, la tasa global de fecundidad se ubica alrededor de 1,2 hijos por mujer.<\/p>\n\n\n\n<h2 class=\"wp-block-heading\">Por qu\u00e9 disminuyen los nacimientos en Jujuy<\/h2>\n\n\n\n<p class=\"wp-block-paragraph\">Castro explic\u00f3 que uno de los factores centrales detr\u00e1s de la ca\u00edda es el mayor acceso de la poblaci\u00f3n a informaci\u00f3n sobre salud sexual y reproductiva, adem\u00e1s de la disponibilidad de diferentes m\u00e9todos anticonceptivos.<\/p>\n\n\n\n<p class=\"wp-block-paragraph\">\u201cSobre todo es el&nbsp;<strong>acceso a la informaci\u00f3n<\/strong>&nbsp;y a los&nbsp;<strong>m\u00e9todos anticonceptivos<\/strong>\u201d, indic\u00f3 la funcionaria, quien aclar\u00f3 que no se trata \u00fanicamente de procedimientos definitivos como las ligaduras de trompas o las vasectom\u00edas.<\/p>\n\n\n\n<h3 class=\"wp-block-heading\">Aumento de vasectom\u00edas en Jujuy<\/h3>\n\n\n\n<p class=\"wp-block-paragraph\">En ese sentido, destac\u00f3 que luego de la pandemia aument\u00f3 la cantidad de hombres que optaron por la vasectom\u00eda en Jujuy.<\/p>\n\n\n\n<p class=\"wp-block-paragraph\">\u201cA partir de pandemia la provincia comenz\u00f3 a dar respuesta en n\u00fameros muy importantes,<strong>&nbsp;m\u00e1s de 500 varones accedieron a la vasectom\u00eda<\/strong>&nbsp;en la provincia de Jujuy, de manera sostenida despu\u00e9s de pandemia\u201d, detall\u00f3.<\/p>\n\n\n\n<p class=\"wp-block-paragraph\">En cuanto a las ligaduras de trompas, Castro se\u00f1al\u00f3 que la demanda se mantiene relativamente estable y que&nbsp;<strong>cerca de mil mujeres por a\u00f1o<\/strong>&nbsp;solicitan y acceden a esta pr\u00e1ctica en la provincia.<\/p>\n\n\n\n<h2 class=\"wp-block-heading\">Mayor acceso a m\u00e9todos anticonceptivos<\/h2>\n\n\n\n<p class=\"wp-block-paragraph\">Otro punto se\u00f1alado por la especialista es la ampliaci\u00f3n de la cobertura tanto en el sistema p\u00fablico como en el privado.<\/p>\n\n\n\n<p class=\"wp-block-paragraph\">Castro record\u00f3 la importancia de la Ley de Salud Sexual sancionada en 2002 y se\u00f1al\u00f3 que desde 2019 se ampliaron las posibilidades de acceso a m\u00e9todos anticonceptivos.<\/p>\n\n\n\n<p class=\"wp-block-paragraph\">\u201cEst\u00e1 la posibilidad de contar con los&nbsp;<strong>m\u00e9todos a nivel hospitalario<\/strong>, como tambi\u00e9n desde las obras sociales\u201d, explic\u00f3.<\/p>\n\n\n\n<h2 class=\"wp-block-heading\">Una tendencia que cambia la estructura de la poblaci\u00f3n<\/h2>\n\n\n\n<p class=\"wp-block-paragraph\">La baja de la natalidad no responde a una \u00fanica causa. A nivel nacional tambi\u00e9n influyen<em>&nbsp;cambios sociales relacionados con la postergaci\u00f3n de la maternidad y la paternidad, las decisiones vinculadas al estudio y al desarrollo profesional, la situaci\u00f3n econ\u00f3mica<\/em>&nbsp;y nuevas formas de pensar los proyectos familiares.<\/p>\n\n\n\n<p class=\"wp-block-paragraph\">La reducci\u00f3n sostenida de nacimientos tambi\u00e9n plantea desaf\u00edos a futuro. Una menor cantidad de ni\u00f1os puede modificar progresivamente la matr\u00edcula escolar, el ingreso de j\u00f3venes al mercado laboral y la proporci\u00f3n entre poblaci\u00f3n activa y adultos mayores, con impacto en las pol\u00edticas p\u00fablicas y el sistema previsional.<\/p>\n","protected":false},"excerpt":{"rendered":"<p>La directora de Maternidad, Infancia y Adolescencia explic\u00f3 que Jujuy acompa\u00f1a una tendencia nacional y destac\u00f3 el mayor acceso a m\u00e9todos anticonceptivos. La\u00a0cantidad de nacimientos en Jujuy disminuy\u00f3 m\u00e1s del 50% desde 2015,\u00a0una tendencia que tambi\u00e9n se registra en el resto del pa\u00eds y en otros puntos de Am\u00e9rica Latina. As\u00ed lo explic\u00f3 la Dra. [&hellip;]<\/p>\n","protected":false},"author":7,"featured_media":21189,"comment_status":"open","ping_status":"open","sticky":false,"template":"","format":"standard","meta":{"_themeisle_gutenberg_block_has_review":false,"footnotes":""},"categories":[11],"tags":[58],"class_list":["post-21188","post","type-post","status-publish","format-standard","has-post-thumbnail","hentry","category-salud","tag-jujuy"],"_links":{"self":[{"href":"https:\/\/horapicodigital.com.ar\/index.php\/wp-json\/wp\/v2\/posts\/21188","targetHints":{"allow":["GET"]}}],"collection":[{"href":"https:\/\/horapicodigital.com.ar\/index.php\/wp-json\/wp\/v2\/posts"}],"about":[{"href":"https:\/\/horapicodigital.com.ar\/index.php\/wp-json\/wp\/v2\/types\/post"}],"author":[{"embeddable":true,"href":"https:\/\/horapicodigital.com.ar\/index.php\/wp-json\/wp\/v2\/users\/7"}],"replies":[{"embeddable":true,"href":"https:\/\/horapicodigital.com.ar\/index.php\/wp-json\/wp\/v2\/comments?post=21188"}],"version-history":[{"count":1,"href":"https:\/\/horapicodigital.com.ar\/index.php\/wp-json\/wp\/v2\/posts\/21188\/revisions"}],"predecessor-version":[{"id":21190,"href":"https:\/\/horapicodigital.com.ar\/index.php\/wp-json\/wp\/v2\/posts\/21188\/revisions\/21190"}],"wp:featuredmedia":[{"embeddable":true,"href":"https:\/\/horapicodigital.com.ar\/index.php\/wp-json\/wp\/v2\/media\/21189"}],"wp:attachment":[{"href":"https:\/\/horapicodigital.com.ar\/index.php\/wp-json\/wp\/v2\/media?parent=21188"}],"wp:term":[{"taxonomy":"category","embeddable":true,"href":"https:\/\/horapicodigital.com.ar\/index.php\/wp-json\/wp\/v2\/categories?post=21188"},{"taxonomy":"post_tag","embeddable":true,"href":"https:\/\/horapicodigital.com.ar\/index.php\/wp-json\/wp\/v2\/tags?post=21188"}],"curies":[{"name":"wp","href":"https:\/\/api.w.org\/{rel}","templated":true}]}}