{"id":21182,"date":"2026-09-01T11:49:31","date_gmt":"2026-09-01T14:49:31","guid":{"rendered":"https:\/\/horapicodigital.com.ar\/?p=21182"},"modified":"2026-09-01T11:49:32","modified_gmt":"2026-09-01T14:49:32","slug":"expojuy-2026-se-presento-en-la-quiaca-y-confirmo-a-la-frontera-como-pieza-estrategica-del-desarrollo-provincial","status":"publish","type":"post","link":"https:\/\/horapicodigital.com.ar\/index.php\/2026\/09\/01\/expojuy-2026-se-presento-en-la-quiaca-y-confirmo-a-la-frontera-como-pieza-estrategica-del-desarrollo-provincial\/","title":{"rendered":"ExpoJuy 2026 se present\u00f3 en La Quiaca y confirm\u00f3 a la frontera como pieza estrat\u00e9gica del desarrollo provincial"},"content":{"rendered":"\n<p class=\"wp-block-paragraph\">La Quiaca tendr\u00e1 presencia en la pr\u00f3xima edici\u00f3n de la muestra y fue reconocida por la C\u00e1mara de Comercio Exterior de Jujuy como un territorio imprescindible para pensar el desarrollo de la provincia.<\/p>\n\n\n\n<p class=\"wp-block-paragraph\">La presentaci\u00f3n de ExpoJuy 2026 se realiz\u00f3 este lunes en el sal\u00f3n del Complejo Cultural Manka Fiesta y fue encabezada por el intendente Dante Vel\u00e1zquez y el presidente de la C\u00e1mara de Comercio Exterior de Jujuy, Jorge Gurrieri quien particip\u00f3 por videoconferencia. Acompa\u00f1aron al jefe comunal los socios de la C\u00e1mara, Jorge Zamudio, Gabriel Mamani, Mauro Mamani y el asesor de la Instituci\u00f3n Martin Miguel Llanos.<br>Cont\u00f3 con la presencia de empresarios, comerciantes, productores, artesanos y referentes de las localidades vecinas de Bolivia.<br>En la oportunidad Vel\u00e1zquez afirm\u00f3 que La Quiaca participar\u00e1 de Expojuy 2026 y destac\u00f3 el valor de descentralizar la agenda provincial y recibir en la ciudad a representantes de la C\u00e1mara de Comercio Exterior.<br>Al mismo tiempo remarc\u00f3 que La Quiaca tuvo una participaci\u00f3n destacada en la edici\u00f3n 2024, con dos stands y una presencia que busc\u00f3 mostrar no s\u00f3lo producci\u00f3n y comercio, sino tambi\u00e9n la responsabilidad estrat\u00e9gica de una ciudad fronteriza que, seg\u00fan expres\u00f3, \u201cintegra a la Argentina al continente\u201d.<br>En este sentido Jorge Gurrieri, se\u00f1alo que descentralizar ExpoJuy y llevar su lanzamiento al Complejo Cultural Manka Fiesta no fue s\u00f3lo una decisi\u00f3n organizativa: fue una forma de reconocer que el futuro productivo de Jujuy tambi\u00e9n se juega en su frontera norte.<br>\u201cLa Quiaca no ser\u00e1 un actor perif\u00e9rico de la muestra, sino parte de su construcci\u00f3n regional. Zona Franca, corredores internacionales, comercio exterior, cultura ancestral, turismo e integraci\u00f3n con Bolivia comienzan a ser presentados como piezas de una misma estrategia\u201d, destac\u00f3.<br>Por \u00faltimo asumi\u00f3 el compromiso de estar personalmente en la ciudad durante las celebraciones de la Manka Fiesta en octubre.<\/p>\n","protected":false},"excerpt":{"rendered":"<p>La Quiaca tendr\u00e1 presencia en la pr\u00f3xima edici\u00f3n de la muestra y fue reconocida por la C\u00e1mara de Comercio Exterior de Jujuy como un territorio imprescindible para pensar el desarrollo de la provincia. La presentaci\u00f3n de ExpoJuy 2026 se realiz\u00f3 este lunes en el sal\u00f3n del Complejo Cultural Manka Fiesta y fue encabezada por el [&hellip;]<\/p>\n","protected":false},"author":7,"featured_media":21183,"comment_status":"open","ping_status":"open","sticky":false,"template":"","format":"standard","meta":{"_themeisle_gutenberg_block_has_review":false,"footnotes":""},"categories":[81],"tags":[58],"class_list":["post-21182","post","type-post","status-publish","format-standard","has-post-thumbnail","hentry","category-general","tag-jujuy"],"_links":{"self":[{"href":"https:\/\/horapicodigital.com.ar\/index.php\/wp-json\/wp\/v2\/posts\/21182","targetHints":{"allow":["GET"]}}],"collection":[{"href":"https:\/\/horapicodigital.com.ar\/index.php\/wp-json\/wp\/v2\/posts"}],"about":[{"href":"https:\/\/horapicodigital.com.ar\/index.php\/wp-json\/wp\/v2\/types\/post"}],"author":[{"embeddable":true,"href":"https:\/\/horapicodigital.com.ar\/index.php\/wp-json\/wp\/v2\/users\/7"}],"replies":[{"embeddable":true,"href":"https:\/\/horapicodigital.com.ar\/index.php\/wp-json\/wp\/v2\/comments?post=21182"}],"version-history":[{"count":1,"href":"https:\/\/horapicodigital.com.ar\/index.php\/wp-json\/wp\/v2\/posts\/21182\/revisions"}],"predecessor-version":[{"id":21184,"href":"https:\/\/horapicodigital.com.ar\/index.php\/wp-json\/wp\/v2\/posts\/21182\/revisions\/21184"}],"wp:featuredmedia":[{"embeddable":true,"href":"https:\/\/horapicodigital.com.ar\/index.php\/wp-json\/wp\/v2\/media\/21183"}],"wp:attachment":[{"href":"https:\/\/horapicodigital.com.ar\/index.php\/wp-json\/wp\/v2\/media?parent=21182"}],"wp:term":[{"taxonomy":"category","embeddable":true,"href":"https:\/\/horapicodigital.com.ar\/index.php\/wp-json\/wp\/v2\/categories?post=21182"},{"taxonomy":"post_tag","embeddable":true,"href":"https:\/\/horapicodigital.com.ar\/index.php\/wp-json\/wp\/v2\/tags?post=21182"}],"curies":[{"name":"wp","href":"https:\/\/api.w.org\/{rel}","templated":true}]}}