{"id":21179,"date":"2026-09-01T11:47:37","date_gmt":"2026-09-01T14:47:37","guid":{"rendered":"https:\/\/horapicodigital.com.ar\/?p=21179"},"modified":"2026-09-01T11:47:39","modified_gmt":"2026-09-01T14:47:39","slug":"carlos-sadir-ratifico-su-compromiso-con-abra-pampa-en-el-143-aniversario-de-la-ciudad","status":"publish","type":"post","link":"https:\/\/horapicodigital.com.ar\/index.php\/2026\/09\/01\/carlos-sadir-ratifico-su-compromiso-con-abra-pampa-en-el-143-aniversario-de-la-ciudad\/","title":{"rendered":"Carlos Sadir ratific\u00f3 su compromiso con Abra Pampa en el 143\u00b0 aniversario de la ciudad"},"content":{"rendered":"\n<p class=\"wp-block-paragraph\">Durante la jornada se realiz\u00f3 el tradicional desfile c\u00edvico, militar y gaucho y se entreg\u00f3 un cami\u00f3n 0km, modelo IVECO 170E21 para mejorar los servicios p\u00fablicos de la ciudad.<\/p>\n\n\n\n<p class=\"wp-block-paragraph\">La ciudad de<strong>\u00a0Abra Pampa<\/strong>\u00a0<strong>conmemor\u00f3 su 143\u00b0 aniversario<\/strong>\u00a0con una jornada de celebraci\u00f3n que tuvo como principal escenario la avenida central de la localidad. El gobernador\u00a0<strong>Carlos Sadir encabez\u00f3 las actividades<\/strong>\u00a0junto al intendente Ariel Machaca, autoridades provinciales y municipales, representantes legislativos y miembros de las fuerzas de seguridad.<\/p>\n\n\n\n<p class=\"wp-block-paragraph\">Los festejos comenzaron con un solemne Tedeum en la iglesia Nuestra Se\u00f1ora del Rosario y continuaron con el acto protocolar, que dio paso al tradicional desfile c\u00edvico, militar y gaucho por la avenida principal de la ciudad.<\/p>\n\n\n\n<p class=\"wp-block-paragraph\">Durante la celebraci\u00f3n,&nbsp;<strong>Sadir<\/strong>&nbsp;destac\u00f3 la importancia de acompa\u00f1ar a la comunidad en una fecha significativa y remarc\u00f3 el rol estrat\u00e9gico que cumple Abra Pampa como centro neur\u00e1lgico de la Puna juje\u00f1a.<\/p>\n\n\n\n<p class=\"wp-block-paragraph\">\u201cEs una satisfacci\u00f3n poder acompa\u00f1ar al pueblo de Abra Pampa en un d\u00eda tan importante para la ciudad\u201d, expres\u00f3 el&nbsp;<strong>mandatario<\/strong>.&nbsp;<\/p>\n\n\n\n<p class=\"wp-block-paragraph\">En el marco de las actividades, el&nbsp;<strong>gobernador<\/strong>&nbsp;hizo entrega de las llaves de un cami\u00f3n volquete 0 km destinado al uso municipal. Sadir se\u00f1al\u00f3 que la incorporaci\u00f3n del veh\u00edculo permitir\u00e1 fortalecer las tareas cotidianas que desarrolla el municipio, especialmente por la extensi\u00f3n territorial de su jurisdicci\u00f3n y la dispersi\u00f3n de las comunidades que debe atender.&nbsp;<\/p>\n\n\n\n<p class=\"wp-block-paragraph\">\u201cEl cami\u00f3n, como otras herramientas, es vital para atender y prestar servicios a las comunidades de la zona\u201d, sostuvo.&nbsp;<\/p>\n\n\n\n<p class=\"wp-block-paragraph\">Asimismo, el gobernador ratific\u00f3 el compromiso del Ejecutivo provincial de continuar trabajando de manera articulada con el municipio para avanzar en obras y acciones destinadas a mejorar la calidad de vida de los vecinos.&nbsp;<\/p>\n\n\n\n<p class=\"wp-block-paragraph\">Por su parte, el intendente Ariel Machaca valor\u00f3 la presencia del mandatario provincial en los festejos y destac\u00f3 el significado de la fecha para la comunidad.&nbsp;<\/p>\n\n\n\n<p class=\"wp-block-paragraph\">\u201cEs una alegr\u00eda para el pueblo tener la presencia del primer mandatario provincial en este aniversario de una ciudad con mucha historia\u201d, afirm\u00f3.&nbsp;<\/p>\n\n\n\n<p class=\"wp-block-paragraph\">Machaca tambi\u00e9n resalt\u00f3 el compromiso asumido por el Gobierno provincial para profundizar el trabajo conjunto con el municipio en beneficio de los vecinos de Abra Pampa.&nbsp;<\/p>\n\n\n\n<p class=\"wp-block-paragraph\">De las actividades participaron funcionarios del Ejecutivo provincial, legisladores, integrantes del Concejo Deliberante, funcionarios municipales y autoridades de las fuerzas de seguridad provinciales y nacionales.<\/p>\n\n\n\n<h2 class=\"wp-block-heading\">Abra Pampa, una ciudad estrat\u00e9gica de la Puna<\/h2>\n\n\n\n<p class=\"wp-block-paragraph\">La historia de Abra Pampa est\u00e1 estrechamente vinculada al desarrollo territorial y econ\u00f3mico de la regi\u00f3n. El gobernador Eugenio Tello firm\u00f3 el decreto de fundaci\u00f3n de la localidad en el paraje Abra Pampa, ubicado a unos 22 kil\u00f3metros al este del antiguo pueblo de Cochinoca.<\/p>\n\n\n\n<p class=\"wp-block-paragraph\">En 1915, Abra Pampa reemplaz\u00f3 a Cochinoca como cabecera del departamento de Cochinoca, en un contexto marcado por el crecimiento de la actividad minera.<\/p>\n\n\n\n<p class=\"wp-block-paragraph\">Con el paso del tiempo, la localidad se consolid\u00f3 como uno de los principales centros urbanos de la Puna juje\u00f1a y como un punto estrat\u00e9gico para la prestaci\u00f3n de servicios y la articulaci\u00f3n con numerosas comunidades de la regi\u00f3n.<\/p>\n","protected":false},"excerpt":{"rendered":"<p>Durante la jornada se realiz\u00f3 el tradicional desfile c\u00edvico, militar y gaucho y se entreg\u00f3 un cami\u00f3n 0km, modelo IVECO 170E21 para mejorar los servicios p\u00fablicos de la ciudad. La ciudad de\u00a0Abra Pampa\u00a0conmemor\u00f3 su 143\u00b0 aniversario\u00a0con una jornada de celebraci\u00f3n que tuvo como principal escenario la avenida central de la localidad. El gobernador\u00a0Carlos Sadir encabez\u00f3 [&hellip;]<\/p>\n","protected":false},"author":7,"featured_media":21180,"comment_status":"open","ping_status":"open","sticky":false,"template":"","format":"standard","meta":{"_themeisle_gutenberg_block_has_review":false,"footnotes":""},"categories":[81],"tags":[58],"class_list":["post-21179","post","type-post","status-publish","format-standard","has-post-thumbnail","hentry","category-general","tag-jujuy"],"_links":{"self":[{"href":"https:\/\/horapicodigital.com.ar\/index.php\/wp-json\/wp\/v2\/posts\/21179","targetHints":{"allow":["GET"]}}],"collection":[{"href":"https:\/\/horapicodigital.com.ar\/index.php\/wp-json\/wp\/v2\/posts"}],"about":[{"href":"https:\/\/horapicodigital.com.ar\/index.php\/wp-json\/wp\/v2\/types\/post"}],"author":[{"embeddable":true,"href":"https:\/\/horapicodigital.com.ar\/index.php\/wp-json\/wp\/v2\/users\/7"}],"replies":[{"embeddable":true,"href":"https:\/\/horapicodigital.com.ar\/index.php\/wp-json\/wp\/v2\/comments?post=21179"}],"version-history":[{"count":1,"href":"https:\/\/horapicodigital.com.ar\/index.php\/wp-json\/wp\/v2\/posts\/21179\/revisions"}],"predecessor-version":[{"id":21181,"href":"https:\/\/horapicodigital.com.ar\/index.php\/wp-json\/wp\/v2\/posts\/21179\/revisions\/21181"}],"wp:featuredmedia":[{"embeddable":true,"href":"https:\/\/horapicodigital.com.ar\/index.php\/wp-json\/wp\/v2\/media\/21180"}],"wp:attachment":[{"href":"https:\/\/horapicodigital.com.ar\/index.php\/wp-json\/wp\/v2\/media?parent=21179"}],"wp:term":[{"taxonomy":"category","embeddable":true,"href":"https:\/\/horapicodigital.com.ar\/index.php\/wp-json\/wp\/v2\/categories?post=21179"},{"taxonomy":"post_tag","embeddable":true,"href":"https:\/\/horapicodigital.com.ar\/index.php\/wp-json\/wp\/v2\/tags?post=21179"}],"curies":[{"name":"wp","href":"https:\/\/api.w.org\/{rel}","templated":true}]}}