{"id":21173,"date":"2026-09-01T11:44:55","date_gmt":"2026-09-01T14:44:55","guid":{"rendered":"https:\/\/horapicodigital.com.ar\/?p=21173"},"modified":"2026-09-01T11:44:56","modified_gmt":"2026-09-01T14:44:56","slug":"fraile-pintado-descartaron-un-homicidio-y-determinaron-que-el-hombre-murio-de-manera-subita","status":"publish","type":"post","link":"https:\/\/horapicodigital.com.ar\/index.php\/2026\/09\/01\/fraile-pintado-descartaron-un-homicidio-y-determinaron-que-el-hombre-murio-de-manera-subita\/","title":{"rendered":"Fraile Pintado: descartaron un homicidio y determinaron que el hombre muri\u00f3 de manera s\u00fabita"},"content":{"rendered":"\n<p class=\"wp-block-paragraph\">La investigaci\u00f3n por el hallazgo sin vida de un hombre en una zona rural de Fraile Pintado determin\u00f3 que se trat\u00f3 de una muerte s\u00fabita y que las lesiones que presentaba en el cuerpo fueron ocasionadas por animales con posterioridad al fallecimiento. De esta manera qued\u00f3 descartado que se haya tratado de un homicidio.<\/p>\n\n\n\n<p class=\"wp-block-paragraph\">La causa se encuentra a cargo del fiscal Ernesto Lian Res\u00faa, titular de la Fiscal\u00eda de Investigaci\u00f3n Penal Preparatoria N.\u00ba 3 de San Pedro de Jujuy, con asiento en Libertador General San Mart\u00edn.<\/p>\n\n\n\n<p class=\"wp-block-paragraph\">El hombre hab\u00eda sido encontrado sin vida el pasado 29 de agosto en un predio rural lindante al barrio Cristo Rey (ex 10 Hect\u00e1reas), en el acceso sur de Fraile Pintado. Tras el hallazgo se realizaron distintas tareas investigativas y periciales para determinar las circunstancias del fallecimiento.<\/p>\n\n\n\n<p class=\"wp-block-paragraph\">Los resultados obtenidos determinaron que se trat\u00f3 de una muerte s\u00fabita y establecieron que las lesiones observadas eran de car\u00e1cter post mortem y hab\u00edan sido producidas por animales. De esta manera, se descart\u00f3 la intervenci\u00f3n de terceras personas.<\/p>\n\n\n\n<p class=\"wp-block-paragraph\">Por ello, qued\u00f3 descartada la hip\u00f3tesis de un homicidio y se estableci\u00f3 que el fallecimiento se produjo por causas naturales.<\/p>\n","protected":false},"excerpt":{"rendered":"<p>La investigaci\u00f3n por el hallazgo sin vida de un hombre en una zona rural de Fraile Pintado determin\u00f3 que se trat\u00f3 de una muerte s\u00fabita y que las lesiones que presentaba en el cuerpo fueron ocasionadas por animales con posterioridad al fallecimiento. De esta manera qued\u00f3 descartado que se haya tratado de un homicidio. La [&hellip;]<\/p>\n","protected":false},"author":7,"featured_media":21174,"comment_status":"open","ping_status":"open","sticky":false,"template":"","format":"standard","meta":{"_themeisle_gutenberg_block_has_review":false,"footnotes":""},"categories":[2877],"tags":[58],"class_list":["post-21173","post","type-post","status-publish","format-standard","has-post-thumbnail","hentry","category-crimen-y-justicia","tag-jujuy"],"_links":{"self":[{"href":"https:\/\/horapicodigital.com.ar\/index.php\/wp-json\/wp\/v2\/posts\/21173","targetHints":{"allow":["GET"]}}],"collection":[{"href":"https:\/\/horapicodigital.com.ar\/index.php\/wp-json\/wp\/v2\/posts"}],"about":[{"href":"https:\/\/horapicodigital.com.ar\/index.php\/wp-json\/wp\/v2\/types\/post"}],"author":[{"embeddable":true,"href":"https:\/\/horapicodigital.com.ar\/index.php\/wp-json\/wp\/v2\/users\/7"}],"replies":[{"embeddable":true,"href":"https:\/\/horapicodigital.com.ar\/index.php\/wp-json\/wp\/v2\/comments?post=21173"}],"version-history":[{"count":1,"href":"https:\/\/horapicodigital.com.ar\/index.php\/wp-json\/wp\/v2\/posts\/21173\/revisions"}],"predecessor-version":[{"id":21175,"href":"https:\/\/horapicodigital.com.ar\/index.php\/wp-json\/wp\/v2\/posts\/21173\/revisions\/21175"}],"wp:featuredmedia":[{"embeddable":true,"href":"https:\/\/horapicodigital.com.ar\/index.php\/wp-json\/wp\/v2\/media\/21174"}],"wp:attachment":[{"href":"https:\/\/horapicodigital.com.ar\/index.php\/wp-json\/wp\/v2\/media?parent=21173"}],"wp:term":[{"taxonomy":"category","embeddable":true,"href":"https:\/\/horapicodigital.com.ar\/index.php\/wp-json\/wp\/v2\/categories?post=21173"},{"taxonomy":"post_tag","embeddable":true,"href":"https:\/\/horapicodigital.com.ar\/index.php\/wp-json\/wp\/v2\/tags?post=21173"}],"curies":[{"name":"wp","href":"https:\/\/api.w.org\/{rel}","templated":true}]}}