{"id":21170,"date":"2026-09-01T11:43:48","date_gmt":"2026-09-01T14:43:48","guid":{"rendered":"https:\/\/horapicodigital.com.ar\/?p=21170"},"modified":"2026-09-01T11:43:49","modified_gmt":"2026-09-01T14:43:49","slug":"investigan-muerte-de-una-mujer-en-san-salvador-de-jujuy","status":"publish","type":"post","link":"https:\/\/horapicodigital.com.ar\/index.php\/2026\/09\/01\/investigan-muerte-de-una-mujer-en-san-salvador-de-jujuy\/","title":{"rendered":"Investigan muerte de una mujer en San Salvador de Jujuy."},"content":{"rendered":"\n<p class=\"wp-block-paragraph\">La joven ten\u00eda 22 a\u00f1os y falleci\u00f3 en el Hospital Pablo Soria. Un hombre se encuentra detenido<\/p>\n\n\n\n<p class=\"wp-block-paragraph\">El Ministerio P\u00fablico de la Acusaci\u00f3n inici\u00f3 una investigaci\u00f3n tras la muerte de una joven de 22 a\u00f1os, ocurrida luego de una serie de hechos registrados durante la madrugada de este lunes en la v\u00eda p\u00fablica.<\/p>\n\n\n\n<p class=\"wp-block-paragraph\">La investigaci\u00f3n est\u00e1 a cargo del Fiscal Pablo Mart\u00edn de Tezanos Pinto, habilitado en la Fiscal\u00eda Especializada en Violencia de G\u00e9nero, Violencia Sexual e Intrafamiliar N\u00b02, y de los Ayudantes Fiscales Fernando Barconte e Iv\u00e1n Monaldi, con la intervenci\u00f3n de personal de la Divisi\u00f3n Homicidios y de Criminal\u00edstica.<\/p>\n\n\n\n<p class=\"wp-block-paragraph\">Los hechos que se investigan iniciaron alrededor de las 3 de la madrugada, en una camioneta se encontraba estacionada sobre avenida Almirante Brown y calle Saravia. En el veh\u00edculo se encontraban tres personas: un hombre y dos mujeres.<\/p>\n\n\n\n<p class=\"wp-block-paragraph\">En determinado momento, y por circunstancias que forman parte de la investigaci\u00f3n, el hombre habr\u00eda agredido f\u00edsicamente a la joven, quien tras caer del rodado se descompens\u00f3 en la v\u00eda p\u00fablica.<\/p>\n\n\n\n<p class=\"wp-block-paragraph\">Personal del SAME intervino en el lugar y logr\u00f3 estabilizar a la mujer, quien posteriormente fue trasladada al Hospital Pablo Soria. Pese a la asistencia m\u00e9dica recibida, falleci\u00f3 en el nosocomio.<\/p>\n\n\n\n<p class=\"wp-block-paragraph\">En el marco de la investigaci\u00f3n se realiz\u00f3 una inspecci\u00f3n en el lugar donde habr\u00edan ocurrido los hechos y posteriormente sobre la camioneta, que fue trasladada hasta la Seccional de la jurisdicci\u00f3n.<\/p>\n\n\n\n<p class=\"wp-block-paragraph\">Durante los procedimientos se recolectaron diversos elementos de inter\u00e9s para la causa, que ser\u00e1n sometidos a las pericias correspondientes.<\/p>\n\n\n\n<p class=\"wp-block-paragraph\">La mujer que tambi\u00e9n se encontraba en la camioneta prest\u00f3 declaraci\u00f3n y aport\u00f3 informaci\u00f3n sobre lo ocurrido.<\/p>\n\n\n\n<p class=\"wp-block-paragraph\">El hombre se\u00f1alado como presunto autor de la agresi\u00f3n se encuentra detenido y la investigaci\u00f3n contin\u00faa con el objetivo de establecer las circunstancias en las que se produjo el fallecimiento y las responsabilidades correspondientes.<\/p>\n","protected":false},"excerpt":{"rendered":"<p>La joven ten\u00eda 22 a\u00f1os y falleci\u00f3 en el Hospital Pablo Soria. Un hombre se encuentra detenido El Ministerio P\u00fablico de la Acusaci\u00f3n inici\u00f3 una investigaci\u00f3n tras la muerte de una joven de 22 a\u00f1os, ocurrida luego de una serie de hechos registrados durante la madrugada de este lunes en la v\u00eda p\u00fablica. La investigaci\u00f3n [&hellip;]<\/p>\n","protected":false},"author":7,"featured_media":21171,"comment_status":"open","ping_status":"open","sticky":false,"template":"","format":"standard","meta":{"_themeisle_gutenberg_block_has_review":false,"footnotes":""},"categories":[2877],"tags":[58],"class_list":["post-21170","post","type-post","status-publish","format-standard","has-post-thumbnail","hentry","category-crimen-y-justicia","tag-jujuy"],"_links":{"self":[{"href":"https:\/\/horapicodigital.com.ar\/index.php\/wp-json\/wp\/v2\/posts\/21170","targetHints":{"allow":["GET"]}}],"collection":[{"href":"https:\/\/horapicodigital.com.ar\/index.php\/wp-json\/wp\/v2\/posts"}],"about":[{"href":"https:\/\/horapicodigital.com.ar\/index.php\/wp-json\/wp\/v2\/types\/post"}],"author":[{"embeddable":true,"href":"https:\/\/horapicodigital.com.ar\/index.php\/wp-json\/wp\/v2\/users\/7"}],"replies":[{"embeddable":true,"href":"https:\/\/horapicodigital.com.ar\/index.php\/wp-json\/wp\/v2\/comments?post=21170"}],"version-history":[{"count":1,"href":"https:\/\/horapicodigital.com.ar\/index.php\/wp-json\/wp\/v2\/posts\/21170\/revisions"}],"predecessor-version":[{"id":21172,"href":"https:\/\/horapicodigital.com.ar\/index.php\/wp-json\/wp\/v2\/posts\/21170\/revisions\/21172"}],"wp:featuredmedia":[{"embeddable":true,"href":"https:\/\/horapicodigital.com.ar\/index.php\/wp-json\/wp\/v2\/media\/21171"}],"wp:attachment":[{"href":"https:\/\/horapicodigital.com.ar\/index.php\/wp-json\/wp\/v2\/media?parent=21170"}],"wp:term":[{"taxonomy":"category","embeddable":true,"href":"https:\/\/horapicodigital.com.ar\/index.php\/wp-json\/wp\/v2\/categories?post=21170"},{"taxonomy":"post_tag","embeddable":true,"href":"https:\/\/horapicodigital.com.ar\/index.php\/wp-json\/wp\/v2\/tags?post=21170"}],"curies":[{"name":"wp","href":"https:\/\/api.w.org\/{rel}","templated":true}]}}