{"id":21157,"date":"2026-08-31T07:53:51","date_gmt":"2026-08-31T10:53:51","guid":{"rendered":"https:\/\/horapicodigital.com.ar\/?p=21157"},"modified":"2026-08-31T07:53:52","modified_gmt":"2026-08-31T10:53:52","slug":"vandalismo-inseguridad-y-consumo-asolan-a-barrios-de-monterrico","status":"publish","type":"post","link":"https:\/\/horapicodigital.com.ar\/index.php\/2026\/08\/31\/vandalismo-inseguridad-y-consumo-asolan-a-barrios-de-monterrico\/","title":{"rendered":"Vandalismo, inseguridad y consumo asolan a barrios de Monterrico"},"content":{"rendered":"\n<p class=\"wp-block-paragraph\">Vecinos del\u00a0<strong>B\u00b0 Cornejo\u00a0<\/strong>denunciaron la falta de patrullaje policial durante los fines de semana, destrozos recurrentes en el colegio local y el riesgo que generan los terrenos bald\u00edos sin cerrar.<\/p>\n\n\n\n<ul id=\"p-1787689923438-31495\" class=\"wp-block-list\">\n<li><strong>Monterrico:\u00a0<\/strong>Vecinos de B\u00b0 Cornejo denuncian falta de patrullaje los fines de semanay peligro en terrenos bald\u00edos.<\/li>\n\n\n\n<li><strong>Reclamos urgentes:<\/strong>\u00a0Solicitan mayor presencia policial nocturna y controles en inmediaciones escolares.<\/li>\n<\/ul>\n\n\n\n<p class=\"wp-block-paragraph\"><strong>La inseguridad es una problem\u00e1tica que sigue preocupando a todo Monterrico<\/strong>. Desde el\u00a0<strong>Concejo Deliberante\u00a0<\/strong>vienen insistiendo en su\u00a0<strong>pedido de mayor presencia policial y m\u00e1s m\u00f3viles para cubrir la zona.<\/strong><\/p>\n\n\n\n<p class=\"wp-block-paragraph\">Recientemente se alert\u00f3 sobre\u00a0<strong>robos millonarios a comerciantes<\/strong>; y a la delincuencia se suma el\u00a0<strong>consumo y venta de drogas, que fue tildado de \u201calarmante\u201d<\/strong>\u00a0por los propios ediles de la ciudad tabacalera.<\/p>\n\n\n\n<h2 class=\"wp-block-heading\"><strong>Barrio Cornejo de Monterrico<\/strong><\/h2>\n\n\n\n<p class=\"wp-block-paragraph\">Vecinos del&nbsp;<strong>barrio Cornejo<\/strong>&nbsp;expresaron su malestar ante la recurrencia de hechos delictivos durante los fines de semana, focalizados principalmente en da\u00f1os contra la infraestructura escolar de la zona y la presencia de grupos de menores de edad consumiendo sustancias en la v\u00eda p\u00fablica.<\/p>\n\n\n\n<p class=\"wp-block-paragraph\">Una residente del sector visibiliz\u00f3 las&nbsp;<strong>dificultades cotidianas que enfrentan las familias del barrio para descansar y desplazarse con tranquilidad durante las noches<\/strong>.&nbsp;<em>\u00abLa inseguridad siempre est\u00e1, m\u00e1s que todo los fines de semana. Siempre est\u00e1n intentando ingresar al colegio, hay rotura de vidrios. Hay muchos chicos que andan en grupitos y son menores de edad. A m\u00ed me gustar\u00eda que la Polic\u00eda o los padres tengan m\u00e1s en cuenta esto, porque uno ve a los chicos por ese camino y preocupa\u00bb,&nbsp;<\/em>remarc\u00f3.<\/p>\n\n\n\n<p class=\"wp-block-paragraph\">Entre los principales reclamos dirigidos a las autoridades de seguridad se encuentra la&nbsp;<strong>escasez de patrullajes efectivos en el horario nocturno<\/strong>, se\u00f1alando que la presencia de los m\u00f3viles policiales suele ser espor\u00e1dica e insuficiente para disuadir la comisi\u00f3n de delitos.&nbsp;<em>\u00abPolic\u00edas se ven muy poco; vienen un ratito, sacan la foto y despu\u00e9s se van. A la una o dos de la ma\u00f1ana, cuando los menores andan en la calle o en los bald\u00edos, deber\u00edan recorrer m\u00e1s. Por miedo, uno de noche ya no sale a la calle. Adem\u00e1s, los lotes bald\u00edos de la zona generan mucha inseguridad\u00bb,&nbsp;<\/em>agreg\u00f3 la vecina.<\/p>\n\n\n\n<p class=\"wp-block-paragraph\">Asimismo, alert\u00f3 sobre el&nbsp;<strong>incremento en el consumo de drogas entre adolescentes en las inmediaciones del establecimiento educativo y los terrenos desocupados del barrio<\/strong>, una situaci\u00f3n que agrava el clima de indefensi\u00f3n de los transe\u00fantes y adultos mayores. Frente a este panorama, reiter\u00f3 la necesidad urgente de intensificar los controles preventivos y coordinar acciones entre las fuerzas de seguridad y las \u00e1reas municipales correspondientes.<\/p>\n","protected":false},"excerpt":{"rendered":"<p>Vecinos del\u00a0B\u00b0 Cornejo\u00a0denunciaron la falta de patrullaje policial durante los fines de semana, destrozos recurrentes en el colegio local y el riesgo que generan los terrenos bald\u00edos sin cerrar. La inseguridad es una problem\u00e1tica que sigue preocupando a todo Monterrico. Desde el\u00a0Concejo Deliberante\u00a0vienen insistiendo en su\u00a0pedido de mayor presencia policial y m\u00e1s m\u00f3viles para cubrir [&hellip;]<\/p>\n","protected":false},"author":7,"featured_media":21158,"comment_status":"open","ping_status":"open","sticky":false,"template":"","format":"standard","meta":{"_themeisle_gutenberg_block_has_review":false,"footnotes":""},"categories":[2877],"tags":[58],"class_list":["post-21157","post","type-post","status-publish","format-standard","has-post-thumbnail","hentry","category-crimen-y-justicia","tag-jujuy"],"_links":{"self":[{"href":"https:\/\/horapicodigital.com.ar\/index.php\/wp-json\/wp\/v2\/posts\/21157","targetHints":{"allow":["GET"]}}],"collection":[{"href":"https:\/\/horapicodigital.com.ar\/index.php\/wp-json\/wp\/v2\/posts"}],"about":[{"href":"https:\/\/horapicodigital.com.ar\/index.php\/wp-json\/wp\/v2\/types\/post"}],"author":[{"embeddable":true,"href":"https:\/\/horapicodigital.com.ar\/index.php\/wp-json\/wp\/v2\/users\/7"}],"replies":[{"embeddable":true,"href":"https:\/\/horapicodigital.com.ar\/index.php\/wp-json\/wp\/v2\/comments?post=21157"}],"version-history":[{"count":1,"href":"https:\/\/horapicodigital.com.ar\/index.php\/wp-json\/wp\/v2\/posts\/21157\/revisions"}],"predecessor-version":[{"id":21159,"href":"https:\/\/horapicodigital.com.ar\/index.php\/wp-json\/wp\/v2\/posts\/21157\/revisions\/21159"}],"wp:featuredmedia":[{"embeddable":true,"href":"https:\/\/horapicodigital.com.ar\/index.php\/wp-json\/wp\/v2\/media\/21158"}],"wp:attachment":[{"href":"https:\/\/horapicodigital.com.ar\/index.php\/wp-json\/wp\/v2\/media?parent=21157"}],"wp:term":[{"taxonomy":"category","embeddable":true,"href":"https:\/\/horapicodigital.com.ar\/index.php\/wp-json\/wp\/v2\/categories?post=21157"},{"taxonomy":"post_tag","embeddable":true,"href":"https:\/\/horapicodigital.com.ar\/index.php\/wp-json\/wp\/v2\/tags?post=21157"}],"curies":[{"name":"wp","href":"https:\/\/api.w.org\/{rel}","templated":true}]}}