{"id":21154,"date":"2026-08-31T07:52:20","date_gmt":"2026-08-31T10:52:20","guid":{"rendered":"https:\/\/horapicodigital.com.ar\/?p=21154"},"modified":"2026-08-31T07:52:22","modified_gmt":"2026-08-31T10:52:22","slug":"violento-choque-en-la-avenida-savio-dos-jovenes-estan-en-terapia-intensiva","status":"publish","type":"post","link":"https:\/\/horapicodigital.com.ar\/index.php\/2026\/08\/31\/violento-choque-en-la-avenida-savio-dos-jovenes-estan-en-terapia-intensiva\/","title":{"rendered":"Violento choque en la Avenida Savio: dos j\u00f3venes est\u00e1n en terapia intensiva"},"content":{"rendered":"\n<p class=\"wp-block-paragraph\">Los protagonistas, ambos de alrededor de 22 a\u00f1os, chocaron contra un muro de cemento y debieron ser trasladados de urgencia al Hospital Pablo Soria donde permanecen internados.<\/p>\n\n\n\n<ul id=\"p-1788124909434-13688\" class=\"wp-block-list\">\n<li><strong>Choque violento<\/strong>: Dos j\u00f3venes sufrieron un grave siniestro vial en la Avenida Savio y ambos est\u00e1n internados en terapia intensiva.<\/li>\n\n\n\n<li><strong>Estado cr\u00edtico<\/strong>: Impactaron contra un muro de cemento y salieron despedidos de la moto; uno de ellos no llevaba casco.<\/li>\n\n\n\n<li><strong>Asistencia m\u00e9dica<\/strong>: Fueron trasladados de urgencia al Hospital Pablo Soria, donde su pron\u00f3stico es reservado.<\/li>\n<\/ul>\n\n\n\n<p class=\"wp-block-paragraph\">Un violento&nbsp;<strong>siniestro vial<\/strong>&nbsp;se registr\u00f3 cerca de las 6:00 de este domingo, en sentido sur-norte de la&nbsp;<strong>Avenida Gral. Savio<\/strong>.<\/p>\n\n\n\n<p class=\"wp-block-paragraph\">Por motivos que son materia de investigaci\u00f3n,&nbsp;<strong>un motoveh\u00edculo en el que circulaban dos persoans impact\u00f3 contra un muro de concreto, provocando que los dos ocupantes salieran despedidos y quedaran tendidos sobre la cinta asf\u00e1ltica<\/strong>.<\/p>\n\n\n\n<p class=\"wp-block-paragraph\">De acuerdo con los primeros datos recabados en el lugar,&nbsp;<strong>solo uno de los j\u00f3venes llevaba casco protector al momento del impacto<\/strong>, factor que habr\u00eda influido en la severidad de las lesiones.<\/p>\n\n\n\n<p class=\"wp-block-paragraph\">Ante la alerta, se despleg\u00f3 un importante operativo de emergencia que incluy\u00f3 la presencia de efectivos policiales de la&nbsp;<strong>Seccional 31<\/strong>, personal de&nbsp;<strong>Bomberos<\/strong>, la divisi\u00f3n de&nbsp;<strong>Criminal\u00edstica<\/strong>&nbsp;y ambulancias del servicio de emergencias m\u00e9dicas (<strong>SAME<\/strong>).<\/p>\n\n\n\n<p class=\"wp-block-paragraph\">Los profesionales de la salud asistieron r\u00e1pidamente a los heridos y coordinaron su traslado de urgencia hacia el&nbsp;<strong>Hospital Pablo Soria<\/strong>,&nbsp;<strong>donde permanecen internados en estado cr\u00edtico bajo pron\u00f3stico reservado en la unidad de terapia intensiva<\/strong>.<\/p>\n\n\n\n<p class=\"wp-block-paragraph\">En el lugar del hecho se realizaron las pericias de rigor para determinar las causas exactas que derivaron en el hecho.<\/p>\n\n\n\n<p class=\"wp-block-paragraph\"><\/p>\n","protected":false},"excerpt":{"rendered":"<p>Los protagonistas, ambos de alrededor de 22 a\u00f1os, chocaron contra un muro de cemento y debieron ser trasladados de urgencia al Hospital Pablo Soria donde permanecen internados. Un violento&nbsp;siniestro vial&nbsp;se registr\u00f3 cerca de las 6:00 de este domingo, en sentido sur-norte de la&nbsp;Avenida Gral. Savio. Por motivos que son materia de investigaci\u00f3n,&nbsp;un motoveh\u00edculo en el [&hellip;]<\/p>\n","protected":false},"author":7,"featured_media":21155,"comment_status":"open","ping_status":"open","sticky":false,"template":"","format":"standard","meta":{"_themeisle_gutenberg_block_has_review":false,"footnotes":""},"categories":[34],"tags":[58],"class_list":["post-21154","post","type-post","status-publish","format-standard","has-post-thumbnail","hentry","category-policiales","tag-jujuy"],"_links":{"self":[{"href":"https:\/\/horapicodigital.com.ar\/index.php\/wp-json\/wp\/v2\/posts\/21154","targetHints":{"allow":["GET"]}}],"collection":[{"href":"https:\/\/horapicodigital.com.ar\/index.php\/wp-json\/wp\/v2\/posts"}],"about":[{"href":"https:\/\/horapicodigital.com.ar\/index.php\/wp-json\/wp\/v2\/types\/post"}],"author":[{"embeddable":true,"href":"https:\/\/horapicodigital.com.ar\/index.php\/wp-json\/wp\/v2\/users\/7"}],"replies":[{"embeddable":true,"href":"https:\/\/horapicodigital.com.ar\/index.php\/wp-json\/wp\/v2\/comments?post=21154"}],"version-history":[{"count":1,"href":"https:\/\/horapicodigital.com.ar\/index.php\/wp-json\/wp\/v2\/posts\/21154\/revisions"}],"predecessor-version":[{"id":21156,"href":"https:\/\/horapicodigital.com.ar\/index.php\/wp-json\/wp\/v2\/posts\/21154\/revisions\/21156"}],"wp:featuredmedia":[{"embeddable":true,"href":"https:\/\/horapicodigital.com.ar\/index.php\/wp-json\/wp\/v2\/media\/21155"}],"wp:attachment":[{"href":"https:\/\/horapicodigital.com.ar\/index.php\/wp-json\/wp\/v2\/media?parent=21154"}],"wp:term":[{"taxonomy":"category","embeddable":true,"href":"https:\/\/horapicodigital.com.ar\/index.php\/wp-json\/wp\/v2\/categories?post=21154"},{"taxonomy":"post_tag","embeddable":true,"href":"https:\/\/horapicodigital.com.ar\/index.php\/wp-json\/wp\/v2\/tags?post=21154"}],"curies":[{"name":"wp","href":"https:\/\/api.w.org\/{rel}","templated":true}]}}