{"id":21151,"date":"2026-08-31T07:51:13","date_gmt":"2026-08-31T10:51:13","guid":{"rendered":"https:\/\/horapicodigital.com.ar\/?p=21151"},"modified":"2026-08-31T07:51:14","modified_gmt":"2026-08-31T10:51:14","slug":"conmocion-en-fraile-pintado-hallaron-muerto-a-un-hombre-desnudo-y-con-heridas","status":"publish","type":"post","link":"https:\/\/horapicodigital.com.ar\/index.php\/2026\/08\/31\/conmocion-en-fraile-pintado-hallaron-muerto-a-un-hombre-desnudo-y-con-heridas\/","title":{"rendered":"Conmoci\u00f3n en Fraile Pintado: hallaron muerto a un hombre, desnudo y con heridas"},"content":{"rendered":"\n<p class=\"wp-block-paragraph\">El sujeto de 67 a\u00f1os fue encontrado sin vida en la \u00faltima jornada de s\u00e1bado en la zona de las 10 Hect\u00e1reas de la localidad ramale\u00f1a. Por el hecho, la Justicia orden\u00f3 la detenci\u00f3n de dos hombres mayores de edad.<\/p>\n\n\n\n<p class=\"wp-block-paragraph\"><strong>Hallazgo macabro:<\/strong>\u00a0Hombre de 67 a\u00f1os fue encontrado desnudo y con heridas en Fraile Pintado.<\/p>\n\n\n\n<ul id=\"p-1788125766617-30186\" class=\"wp-block-list\">\n<li><strong>Detenidos:<\/strong>\u00a0La Justicia orden\u00f3 la detenci\u00f3n de dos hombres mayores de edad como sospechosos.<\/li>\n\n\n\n<li><strong>Pr\u00f3ximos pasos:<\/strong>\u00a0Se realizar\u00e1 autopsia para determinar la causa y data de la muerte en la morgue de San Pedro de Jujuy.<\/li>\n<\/ul>\n\n\n\n<p class=\"wp-block-paragraph\">Un&nbsp;<strong>macabro hallazgo<\/strong>&nbsp;se produjo alrededor de las 18:30 del s\u00e1bado, generando una profunda conmoci\u00f3n en la comunidad de&nbsp;<strong>Fraile Pintado<\/strong>.<\/p>\n\n\n\n<p class=\"wp-block-paragraph\">Tras recibir la alerta, se despleg\u00f3 un importante operativo en la zona de las&nbsp;<strong>10 Hect\u00e1reas<\/strong>&nbsp;que cont\u00f3 con la presencia de personal policial, ambulancias del&nbsp;<strong>SAME<\/strong>&nbsp;y efectivos de la&nbsp;<strong>Divisi\u00f3n<\/strong>&nbsp;<strong>Criminal\u00edstica<\/strong>, quienes realizaron las primeras pericias bajo las directrices del&nbsp;<strong>Ministerio<\/strong>&nbsp;<strong>P\u00fablico de la Acusaci\u00f3n<\/strong>&nbsp;(<strong>MPA<\/strong>).<\/p>\n\n\n\n<p class=\"wp-block-paragraph\">De acuerdo con los primeros datos obtenidos en la escena,&nbsp;<strong>la v\u00edctima se encontraba desnuda presentaba lesiones cortopunzantes compatibles con el uso de un arma blanca<\/strong>.<\/p>\n\n\n\n<p class=\"wp-block-paragraph\">En el marco de la investigaci\u00f3n preliminar, las sospechas se orientaron r\u00e1pidamente hacia&nbsp;<strong>dos hombres mayores de edad, quienes fueron aprehendidos por las autoridades<\/strong>. Seg\u00fan trascendi\u00f3, uno de los sospechosos habr\u00eda sido visto junto a la v\u00edctima horas antes de que se consumara el crimen.<\/p>\n\n\n\n<p class=\"wp-block-paragraph\">Para avanzar en el esclarecimiento del hecho, est\u00e1 previsto que&nbsp;<strong>durante la ma\u00f1ana de este lunes se realice la autopsia<\/strong>&nbsp;correspondiente en la&nbsp;<strong>morgue judicial<\/strong>&nbsp;de la ciudad de&nbsp;<strong>San Pedro<\/strong>&nbsp;<strong>de Jujuy<\/strong>, un examen clave que permitir\u00e1 determinar fehacientemente la mec\u00e1nica y data de la muerte.<\/p>\n\n\n\n<p class=\"wp-block-paragraph\">Las actuaciones sumariales quedan a cargo de la fiscal\u00eda interviniente, que continuar\u00e1 con las medidas procesales para esclarecer los motivos detr\u00e1s del tr\u00e1gico suceso.<\/p>\n","protected":false},"excerpt":{"rendered":"<p>El sujeto de 67 a\u00f1os fue encontrado sin vida en la \u00faltima jornada de s\u00e1bado en la zona de las 10 Hect\u00e1reas de la localidad ramale\u00f1a. Por el hecho, la Justicia orden\u00f3 la detenci\u00f3n de dos hombres mayores de edad. Hallazgo macabro:\u00a0Hombre de 67 a\u00f1os fue encontrado desnudo y con heridas en Fraile Pintado. Un&nbsp;macabro [&hellip;]<\/p>\n","protected":false},"author":7,"featured_media":21152,"comment_status":"open","ping_status":"open","sticky":false,"template":"","format":"standard","meta":{"_themeisle_gutenberg_block_has_review":false,"footnotes":""},"categories":[2877],"tags":[58],"class_list":["post-21151","post","type-post","status-publish","format-standard","has-post-thumbnail","hentry","category-crimen-y-justicia","tag-jujuy"],"_links":{"self":[{"href":"https:\/\/horapicodigital.com.ar\/index.php\/wp-json\/wp\/v2\/posts\/21151","targetHints":{"allow":["GET"]}}],"collection":[{"href":"https:\/\/horapicodigital.com.ar\/index.php\/wp-json\/wp\/v2\/posts"}],"about":[{"href":"https:\/\/horapicodigital.com.ar\/index.php\/wp-json\/wp\/v2\/types\/post"}],"author":[{"embeddable":true,"href":"https:\/\/horapicodigital.com.ar\/index.php\/wp-json\/wp\/v2\/users\/7"}],"replies":[{"embeddable":true,"href":"https:\/\/horapicodigital.com.ar\/index.php\/wp-json\/wp\/v2\/comments?post=21151"}],"version-history":[{"count":1,"href":"https:\/\/horapicodigital.com.ar\/index.php\/wp-json\/wp\/v2\/posts\/21151\/revisions"}],"predecessor-version":[{"id":21153,"href":"https:\/\/horapicodigital.com.ar\/index.php\/wp-json\/wp\/v2\/posts\/21151\/revisions\/21153"}],"wp:featuredmedia":[{"embeddable":true,"href":"https:\/\/horapicodigital.com.ar\/index.php\/wp-json\/wp\/v2\/media\/21152"}],"wp:attachment":[{"href":"https:\/\/horapicodigital.com.ar\/index.php\/wp-json\/wp\/v2\/media?parent=21151"}],"wp:term":[{"taxonomy":"category","embeddable":true,"href":"https:\/\/horapicodigital.com.ar\/index.php\/wp-json\/wp\/v2\/categories?post=21151"},{"taxonomy":"post_tag","embeddable":true,"href":"https:\/\/horapicodigital.com.ar\/index.php\/wp-json\/wp\/v2\/tags?post=21151"}],"curies":[{"name":"wp","href":"https:\/\/api.w.org\/{rel}","templated":true}]}}