{"id":21148,"date":"2026-08-31T07:31:56","date_gmt":"2026-08-31T10:31:56","guid":{"rendered":"https:\/\/horapicodigital.com.ar\/?p=21148"},"modified":"2026-08-31T07:31:57","modified_gmt":"2026-08-31T10:31:57","slug":"alerta-en-palpala-advierten-que-el-consumo-de-sustancias-afecta-a-ninos-de-8-anos","status":"publish","type":"post","link":"https:\/\/horapicodigital.com.ar\/index.php\/2026\/08\/31\/alerta-en-palpala-advierten-que-el-consumo-de-sustancias-afecta-a-ninos-de-8-anos\/","title":{"rendered":"Alerta en Palpal\u00e1: advierten que el consumo de sustancias afecta a ni\u00f1os de 8 a\u00f1os"},"content":{"rendered":"\n<p class=\"wp-block-paragraph\">El dispositivo comunitario CAAC Manitos Traviesas alert\u00f3 sobre el dram\u00e1tico descenso en la edad de inicio de adicciones y el aumento de personas en situaci\u00f3n de calle en la ciudad sider\u00fargica.<\/p>\n\n\n\n<p class=\"wp-block-paragraph\">Un alarmante diagn\u00f3stico sobre la vulnerabilidad social e infantil encendi\u00f3 las luces de alerta en la ciudad de\u00a0<strong>Palpal\u00e1<\/strong>.<\/p>\n\n\n\n<p class=\"wp-block-paragraph\">En el marco del trabajo articulado de la mesa interinstitucional&nbsp;<strong>Redes Vivas<\/strong>, referentes territoriales y profesionales expusieron la gravedad del contexto actual, donde los problemas de&nbsp;<strong>consumo problem\u00e1tico de sustancias<\/strong>&nbsp;y la marginalidad impactan a edades cada vez m\u00e1s tempranas.<\/p>\n\n\n\n<p class=\"wp-block-paragraph\">La advertencia m\u00e1s cruda provino del sector comunitario.&nbsp;<strong>Bibiana Mamani<\/strong>, integrante del&nbsp;<strong>CAAC Manitos Traviesas<\/strong>, remarc\u00f3 la importancia de articular acciones con el sistema formal, ya que muchos de los asistidos no est\u00e1n insertos en el sistema educativo. Al respecto de la realidad que observan diariamente en los barrios, la referente expres\u00f3:&nbsp;<em>\u00abLo que es situaci\u00f3n de calle, este a\u00f1o se ha triplicado. Hoy vemos en los sem\u00e1foros mucha mayor cantidad de personas. Con la problem\u00e1tica de consumo,&nbsp;<strong>la edad es cada vez m\u00e1s baja<\/strong>; si hablamos dentro de lo educativo, ya alcanzamos niveles primarios, y en personas fuera de la escuela,&nbsp;<strong>hablamos de menores de 8 a\u00f1os<\/strong>\u00ab<\/em>.<\/p>\n\n\n\n<h2 class=\"wp-block-heading\">Contenci\u00f3n frente a la escasez de recursos<\/h2>\n\n\n\n<p class=\"wp-block-paragraph\">Frente a este escenario complejo, que incluye casos de&nbsp;<strong>violencia intrafamiliar<\/strong>,&nbsp;<strong>bullying<\/strong>,&nbsp;<strong>ciberbullying<\/strong>&nbsp;e&nbsp;<strong>intentos de suicidio<\/strong>, diversos organismos p\u00fablicos y de la sociedad civil decidieron unirse para optimizar sus herramientas.<\/p>\n\n\n\n<p class=\"wp-block-paragraph\"><strong>Malka Vilte<\/strong>, licenciada en Trabajo Social del&nbsp;<strong>Hospital Wenceslao Gallardo<\/strong>, fundament\u00f3 la creaci\u00f3n del espacio al se\u00f1alar:&nbsp;<em>\u00abNos vimos en la necesidad de unir todas las organizaciones ya que, de manera individual dentro de cada equipo, nos era muy arriesgado el trabajo, dado que&nbsp;<strong>contamos con pocos recursos y poco personal<\/strong>. De manera conjunta podemos abordar mejor las problem\u00e1ticas que ata\u00f1en a la ciudad\u00bb<\/em>.<\/p>\n\n\n\n<h2 class=\"wp-block-heading\">El rol del \u00e1mbito escolar<\/h2>\n\n\n\n<p class=\"wp-block-paragraph\">Por su parte, la contenci\u00f3n en el \u00e1mbito educativo se erige como una de las principales barreras de contenci\u00f3n, coordinada a trav\u00e9s del&nbsp;<strong>Departamento de Apoyo Institucional (DAI)<\/strong>&nbsp;del Ministerio de Educaci\u00f3n, cuyo equipo profesional acompa\u00f1a a 21 establecimientos de la localidad.<\/p>\n\n\n\n<p class=\"wp-block-paragraph\"><strong>Beatriz D\u00edaz,<\/strong>&nbsp;trabajadora social de la DAI, hizo especial hincapi\u00e9 en la necesidad de preservar la integridad de los estudiantes cuando salen a la luz hechos de vulneraci\u00f3n de derechos dentro de las aulas.&nbsp;<em>\u00abNos parece importante poder convocar a los medios de comunicaci\u00f3n para&nbsp;<strong>trabajar lineamientos al momento de difundir la informaci\u00f3n<\/strong>&nbsp;de los protocolos que se activan al interior de las escuelas. Invitamos a los medios digitales para que la&nbsp;<strong>informaci\u00f3n sea cuidada<\/strong>&nbsp;y se pueda preservar tanto al ni\u00f1o o adolescente como a la familia\u00bb<\/em>, concluy\u00f3.<\/p>\n\n\n\n<p class=\"wp-block-paragraph\">Paralelamente, desde la Direcci\u00f3n de Bienestar Estudiantil mediante el programa \u00abCon Voz\u00bb, indicaron que llevan adelante un&nbsp;<strong>mapeo por zonas<\/strong>&nbsp;de riesgo y espacios de debate donde los propios alumnos abordan el impacto de la digitalizaci\u00f3n y las redes sociales en el \u00e1mbito escolar.<\/p>\n","protected":false},"excerpt":{"rendered":"<p>El dispositivo comunitario CAAC Manitos Traviesas alert\u00f3 sobre el dram\u00e1tico descenso en la edad de inicio de adicciones y el aumento de personas en situaci\u00f3n de calle en la ciudad sider\u00fargica. Un alarmante diagn\u00f3stico sobre la vulnerabilidad social e infantil encendi\u00f3 las luces de alerta en la ciudad de\u00a0Palpal\u00e1. En el marco del trabajo articulado [&hellip;]<\/p>\n","protected":false},"author":7,"featured_media":21149,"comment_status":"open","ping_status":"open","sticky":false,"template":"","format":"standard","meta":{"_themeisle_gutenberg_block_has_review":false,"footnotes":""},"categories":[2877],"tags":[58],"class_list":["post-21148","post","type-post","status-publish","format-standard","has-post-thumbnail","hentry","category-crimen-y-justicia","tag-jujuy"],"_links":{"self":[{"href":"https:\/\/horapicodigital.com.ar\/index.php\/wp-json\/wp\/v2\/posts\/21148","targetHints":{"allow":["GET"]}}],"collection":[{"href":"https:\/\/horapicodigital.com.ar\/index.php\/wp-json\/wp\/v2\/posts"}],"about":[{"href":"https:\/\/horapicodigital.com.ar\/index.php\/wp-json\/wp\/v2\/types\/post"}],"author":[{"embeddable":true,"href":"https:\/\/horapicodigital.com.ar\/index.php\/wp-json\/wp\/v2\/users\/7"}],"replies":[{"embeddable":true,"href":"https:\/\/horapicodigital.com.ar\/index.php\/wp-json\/wp\/v2\/comments?post=21148"}],"version-history":[{"count":1,"href":"https:\/\/horapicodigital.com.ar\/index.php\/wp-json\/wp\/v2\/posts\/21148\/revisions"}],"predecessor-version":[{"id":21150,"href":"https:\/\/horapicodigital.com.ar\/index.php\/wp-json\/wp\/v2\/posts\/21148\/revisions\/21150"}],"wp:featuredmedia":[{"embeddable":true,"href":"https:\/\/horapicodigital.com.ar\/index.php\/wp-json\/wp\/v2\/media\/21149"}],"wp:attachment":[{"href":"https:\/\/horapicodigital.com.ar\/index.php\/wp-json\/wp\/v2\/media?parent=21148"}],"wp:term":[{"taxonomy":"category","embeddable":true,"href":"https:\/\/horapicodigital.com.ar\/index.php\/wp-json\/wp\/v2\/categories?post=21148"},{"taxonomy":"post_tag","embeddable":true,"href":"https:\/\/horapicodigital.com.ar\/index.php\/wp-json\/wp\/v2\/tags?post=21148"}],"curies":[{"name":"wp","href":"https:\/\/api.w.org\/{rel}","templated":true}]}}