{"id":20511,"date":"2026-05-02T01:40:56","date_gmt":"2026-05-02T04:40:56","guid":{"rendered":"https:\/\/horapicodigital.com.ar\/?p=20511"},"modified":"2026-05-02T01:40:58","modified_gmt":"2026-05-02T04:40:58","slug":"triple-crimen-de-florencio-varela-confirmaron-cuando-trasladan-a-pequeno-j-al-pais","status":"publish","type":"post","link":"https:\/\/horapicodigital.com.ar\/index.php\/2026\/05\/02\/triple-crimen-de-florencio-varela-confirmaron-cuando-trasladan-a-pequeno-j-al-pais\/","title":{"rendered":"Triple crimen de Florencio Varela: confirmaron cu\u00e1ndo trasladan a &#8216;Peque\u00f1o J&#8217; al pa\u00eds"},"content":{"rendered":"\n<p>La Justicia avanza en la etapa final del proceso y se espera su llegada al pa\u00eds para ser indagado.<\/p>\n\n\n\n<p>En el marco de la investigaci\u00f3n por el triple crimen de Florencio Varela, se confirm\u00f3 que&nbsp;<strong>Tony Janzen Valverde Victoriano, alias \u201cPeque\u00f1o J\u201d, ser\u00e1 trasladado este lunes por la tarde a la Argentina desde Per\u00fa<\/strong>, donde permanec\u00eda detenido.<\/p>\n\n\n\n<p>Seg\u00fan la investigaci\u00f3n, el acusado ser\u00e1 indagado al d\u00eda siguiente por el Juzgado Federal en lo Criminal y Correccional N\u00b02 de Mor\u00f3n, a cargo del juez Jorge Ernesto Rodr\u00edguez.<\/p>\n\n\n\n<p>De acuerdo con la causa, \u201cPeque\u00f1o J\u201d estar\u00eda vinculado a una estructura criminal ligada al narcotr\u00e1fico, que habr\u00eda actuado con el objetivo de recuperar droga presuntamente sustra\u00edda a la organizaci\u00f3n. En ese contexto,<strong>&nbsp;los investigadores lo ubican como parte del plan que deriv\u00f3 en el secuestro y asesinato de Lara Guti\u00e9rrez (15), Morena Verdi (20)y Brenda del Castillo (20) , en septiembre del a\u00f1o pasado.<\/strong><\/p>\n\n\n\n<p>La reconstrucci\u00f3n del hecho indica que las v\u00edctimas fueron enga\u00f1adas en Ciudad Evita, donde fueron captadas con la excusa de asistir a una fiesta. Luego, fueron trasladadas a una vivienda en Florencio Varela,&nbsp;<strong>donde habr\u00edan sido golpeadas, torturadas y finalmente asesinadas<\/strong>. Sus cuerpos fueron enterrados en el mismo lugar.<\/p>\n\n\n\n<p><strong>Por el caso ya hay 11 imputados, acusados con distintos grados de participaci\u00f3n en delitos como privaci\u00f3n ilegal de la libertad agravada y homicidio agravado.<\/strong><\/p>\n\n\n\n<p>Tras ser se\u00f1alado en la causa, \u201cPeque\u00f1o J\u201d huy\u00f3 del pa\u00eds y fue capturado en Lima gracias a un operativo conjunto entre la Justicia argentina y autoridades peruanas. Ahora, con la extradici\u00f3n completada, quedar\u00e1 a disposici\u00f3n del juzgado que investiga el caso.<\/p>\n","protected":false},"excerpt":{"rendered":"<p>La Justicia avanza en la etapa final del proceso y se espera su llegada al pa\u00eds para ser indagado. En el marco de la investigaci\u00f3n por el triple crimen de Florencio Varela, se confirm\u00f3 que&nbsp;Tony Janzen Valverde Victoriano, alias \u201cPeque\u00f1o J\u201d, ser\u00e1 trasladado este lunes por la tarde a la Argentina desde Per\u00fa, donde permanec\u00eda [&hellip;]<\/p>\n","protected":false},"author":7,"featured_media":20512,"comment_status":"open","ping_status":"open","sticky":false,"template":"","format":"standard","meta":{"_themeisle_gutenberg_block_has_review":false,"footnotes":""},"categories":[2877],"tags":[85],"class_list":["post-20511","post","type-post","status-publish","format-standard","has-post-thumbnail","hentry","category-crimen-y-justicia","tag-pais"],"_links":{"self":[{"href":"https:\/\/horapicodigital.com.ar\/index.php\/wp-json\/wp\/v2\/posts\/20511","targetHints":{"allow":["GET"]}}],"collection":[{"href":"https:\/\/horapicodigital.com.ar\/index.php\/wp-json\/wp\/v2\/posts"}],"about":[{"href":"https:\/\/horapicodigital.com.ar\/index.php\/wp-json\/wp\/v2\/types\/post"}],"author":[{"embeddable":true,"href":"https:\/\/horapicodigital.com.ar\/index.php\/wp-json\/wp\/v2\/users\/7"}],"replies":[{"embeddable":true,"href":"https:\/\/horapicodigital.com.ar\/index.php\/wp-json\/wp\/v2\/comments?post=20511"}],"version-history":[{"count":1,"href":"https:\/\/horapicodigital.com.ar\/index.php\/wp-json\/wp\/v2\/posts\/20511\/revisions"}],"predecessor-version":[{"id":20513,"href":"https:\/\/horapicodigital.com.ar\/index.php\/wp-json\/wp\/v2\/posts\/20511\/revisions\/20513"}],"wp:featuredmedia":[{"embeddable":true,"href":"https:\/\/horapicodigital.com.ar\/index.php\/wp-json\/wp\/v2\/media\/20512"}],"wp:attachment":[{"href":"https:\/\/horapicodigital.com.ar\/index.php\/wp-json\/wp\/v2\/media?parent=20511"}],"wp:term":[{"taxonomy":"category","embeddable":true,"href":"https:\/\/horapicodigital.com.ar\/index.php\/wp-json\/wp\/v2\/categories?post=20511"},{"taxonomy":"post_tag","embeddable":true,"href":"https:\/\/horapicodigital.com.ar\/index.php\/wp-json\/wp\/v2\/tags?post=20511"}],"curies":[{"name":"wp","href":"https:\/\/api.w.org\/{rel}","templated":true}]}}