{"id":20508,"date":"2026-05-02T01:37:43","date_gmt":"2026-05-02T04:37:43","guid":{"rendered":"https:\/\/horapicodigital.com.ar\/?p=20508"},"modified":"2026-05-02T01:37:44","modified_gmt":"2026-05-02T04:37:44","slug":"franco-colapinto-brillo-en-miami-largara-octavo-en-la-sprint-de-este-sabado","status":"publish","type":"post","link":"https:\/\/horapicodigital.com.ar\/index.php\/2026\/05\/02\/franco-colapinto-brillo-en-miami-largara-octavo-en-la-sprint-de-este-sabado\/","title":{"rendered":"Franco Colapinto brill\u00f3 en Miami: largar\u00e1 octavo en la sprint de este s\u00e1bado"},"content":{"rendered":"\n<p>El piloto argentino de Alpine tuvo una gran clasificaci\u00f3n en la cuarta carrera del a\u00f1o.<\/p>\n\n\n\n<p><strong>Franco Colapinto tuvo una destacada actuaci\u00f3n en la clasificaci\u00f3n sprint del Gran Premio de Miami de la F\u00f3rmula 1 y largar\u00e1 desde la octava posici\u00f3n en la carrera del s\u00e1bado, tras marcar un tiempo de 1:29.320.<\/strong><\/p>\n\n\n\n<p>El piloto de Alpine mostr\u00f3 un gran rendimiento al superar los dos primeros cortes sin inconvenientes y avanzar a la SQ3, donde logr\u00f3 una s\u00f3lida vuelta que lo ubic\u00f3 por delante de su compa\u00f1ero Pierre Gasly y del joven de Red Bull Isack Hadjar.<\/p>\n\n\n\n<h2 class=\"wp-block-heading\">La parrilla de largada de la carrera sprint del Gran Premio de Miami<\/h2>\n\n\n\n<p>1. Lando&nbsp;<strong>Norris&nbsp;<\/strong>(McLaren)<\/p>\n\n\n\n<p>2. Kimi Antonelli (Mercedes)<\/p>\n\n\n\n<p>3. Oscar Piastri (McLaren)<\/p>\n\n\n\n<p>4. Charles Leclerc (Ferrari)<\/p>\n\n\n\n<p>5. Max Verstappen (Red Bull)<\/p>\n\n\n\n<p>6. George Russell (Mercedes)<\/p>\n\n\n\n<p>7. Lewis Hamilton (Ferrari)<\/p>\n\n\n\n<p>8. Franco Colapinto (Alpine)<\/p>\n\n\n\n<p>9. Isack Hadjar (Red Bull)<\/p>\n\n\n\n<p>10. Pierre Gasly (Alpine)<\/p>\n\n\n\n<p><\/p>\n","protected":false},"excerpt":{"rendered":"<p>El piloto argentino de Alpine tuvo una gran clasificaci\u00f3n en la cuarta carrera del a\u00f1o. Franco Colapinto tuvo una destacada actuaci\u00f3n en la clasificaci\u00f3n sprint del Gran Premio de Miami de la F\u00f3rmula 1 y largar\u00e1 desde la octava posici\u00f3n en la carrera del s\u00e1bado, tras marcar un tiempo de 1:29.320. El piloto de Alpine [&hellip;]<\/p>\n","protected":false},"author":7,"featured_media":20509,"comment_status":"open","ping_status":"open","sticky":false,"template":"","format":"standard","meta":{"_themeisle_gutenberg_block_has_review":false,"footnotes":""},"categories":[10],"tags":[19],"class_list":["post-20508","post","type-post","status-publish","format-standard","has-post-thumbnail","hentry","category-deportes","tag-mundo"],"_links":{"self":[{"href":"https:\/\/horapicodigital.com.ar\/index.php\/wp-json\/wp\/v2\/posts\/20508","targetHints":{"allow":["GET"]}}],"collection":[{"href":"https:\/\/horapicodigital.com.ar\/index.php\/wp-json\/wp\/v2\/posts"}],"about":[{"href":"https:\/\/horapicodigital.com.ar\/index.php\/wp-json\/wp\/v2\/types\/post"}],"author":[{"embeddable":true,"href":"https:\/\/horapicodigital.com.ar\/index.php\/wp-json\/wp\/v2\/users\/7"}],"replies":[{"embeddable":true,"href":"https:\/\/horapicodigital.com.ar\/index.php\/wp-json\/wp\/v2\/comments?post=20508"}],"version-history":[{"count":1,"href":"https:\/\/horapicodigital.com.ar\/index.php\/wp-json\/wp\/v2\/posts\/20508\/revisions"}],"predecessor-version":[{"id":20510,"href":"https:\/\/horapicodigital.com.ar\/index.php\/wp-json\/wp\/v2\/posts\/20508\/revisions\/20510"}],"wp:featuredmedia":[{"embeddable":true,"href":"https:\/\/horapicodigital.com.ar\/index.php\/wp-json\/wp\/v2\/media\/20509"}],"wp:attachment":[{"href":"https:\/\/horapicodigital.com.ar\/index.php\/wp-json\/wp\/v2\/media?parent=20508"}],"wp:term":[{"taxonomy":"category","embeddable":true,"href":"https:\/\/horapicodigital.com.ar\/index.php\/wp-json\/wp\/v2\/categories?post=20508"},{"taxonomy":"post_tag","embeddable":true,"href":"https:\/\/horapicodigital.com.ar\/index.php\/wp-json\/wp\/v2\/tags?post=20508"}],"curies":[{"name":"wp","href":"https:\/\/api.w.org\/{rel}","templated":true}]}}