{"id":20500,"date":"2026-05-01T02:35:33","date_gmt":"2026-05-01T05:35:33","guid":{"rendered":"https:\/\/horapicodigital.com.ar\/?p=20500"},"modified":"2026-05-01T02:35:34","modified_gmt":"2026-05-01T05:35:34","slug":"discapacidad-la-junta-evaluadora-para-tramite-de-cud-funciona-en-el-centro-de-especialidades-norte","status":"publish","type":"post","link":"https:\/\/horapicodigital.com.ar\/index.php\/2026\/05\/01\/discapacidad-la-junta-evaluadora-para-tramite-de-cud-funciona-en-el-centro-de-especialidades-norte\/","title":{"rendered":"Discapacidad: la Junta Evaluadora para tr\u00e1mite de CUD funciona en el Centro de Especialidades Norte"},"content":{"rendered":"\n<p>El servicio de Salud se encuentra tambi\u00e9n en el Centro Jure en Alto Comedero y en el CEPAM. En el interior, la cobertura contin\u00faa con las Juntas Itinerantes.<\/p>\n\n\n\n<p>A trav\u00e9s de la\u00a0<strong>Direcci\u00f3n de Discapacidad, Rehabilitaci\u00f3n e Inclusi\u00f3n Social<\/strong>, el\u00a0<strong>Ministerio de Salud de Jujuy<\/strong>\u00a0facilita el trabajo de las Juntas de Certificaci\u00f3n de Discapacidad, herramienta con la cual la persona accede al Certificado \u00danico de Discapacidad (CUD) que le permite asegurar derechos y realiza tambi\u00e9n la emisi\u00f3n del Certificado M\u00e9dico Oficial (CMO) documento que solo entrega el sistema p\u00fablico de la provincia y que permite a la persona, en el caso que lo requiera, acceder a la pensi\u00f3n no contributiva por invalidez laboral que otorga el Gobierno Nacional a trav\u00e9s de ANSES.<\/p>\n\n\n\n<p id=\"p-1777468715654-19523\">En ese sentido, a fin de reforzar la respuesta a la comunidad, desde este lunes 27 de abril, la Junta Evaluadora en Discapacidad reabri\u00f3 en el Centro de Especialidades Norte (CEN) en la capital juje\u00f1a.<\/p>\n\n\n\n<p id=\"p-1777468715654-51372\">\u201cNuestros equipos de Junta Evaluadora est\u00e1n en el CEN, ingresando por calle Independencia, de lunes a viernes de 7 a 15 horas para facilitar la gesti\u00f3n del CUD, destacando que es un documento voluntario p\u00fablico y gratuito que permite acceso a mayores derechos a las personas con discapacidad\u201d, explic\u00f3 Teresita Gonz\u00e1lez Garc\u00eda, responsable de la Junta Evaluadora y Certificadora en Discapacidad de la provincia y del Certificado M\u00e9dico Oficial (CMO) para el acceso a pensiones.<\/p>\n\n\n\n<p id=\"p-1777468715654-65226\">En tanto, record\u00f3 que, en San Salvador se puede solicitar el CUD tambi\u00e9n en el Centro de Rehabilitaci\u00f3n Carlos Jure de Alto Comedero, ubicado en Avenida Forestal esquina Teniente N\u00edvoli, los d\u00edas martes, jueves y viernes de 7 a 13 horas y en el Centro Provincial de Adultos Mayores (CEPAM), en Alvear 1152, de lunes a viernes 7 a 13 horas.&nbsp;<\/p>\n\n\n\n<p id=\"p-1777468715654-47732\">En el caso del interior de la provincia, \u201clas gestiones se realizan a trav\u00e9s de las Juntas Itinerantes, para lo cual pedimos a las personas se acerquen al hospital m\u00e1s pr\u00f3ximo al domicilio para el contacto con los referentes de discapacidad y desde ah\u00ed poder iniciar el tr\u00e1mite\u201d, agreg\u00f3 Gonz\u00e1lez Garc\u00eda.<\/p>\n\n\n\n<h3 class=\"wp-block-heading\" id=\"p-1777468830487-48097\"><\/h3>\n\n\n\n<h2 class=\"wp-block-heading\" id=\"p-1777468715654-51451\">\u00bfQu\u00e9 es el CUD?<\/h2>\n\n\n\n<p id=\"p-1777468834436-45726\">&nbsp;<\/p>\n\n\n\n<p id=\"p-1777468715654-61050\">El CUD es un documento p\u00fablico que certifica la discapacidad de la persona respecto a las \u00e1reas intelectual y mental, visual, motora, auditiva, respiratoria, cardiovascular, renal urol\u00f3gica y\/o digestivo\/hep\u00e1tica y le permite acceder a derechos y prestaciones que brinda el Estado. Tiene validez en todo el pa\u00eds y su tramitaci\u00f3n es voluntaria y gratuita.&nbsp;<\/p>\n\n\n\n<h2 class=\"wp-block-heading\" id=\"p-1777468715654-35139\">Derechos establecidos en la legislaci\u00f3n vigente<\/h2>\n\n\n\n<p id=\"p-1777468841226-89968\">&nbsp;<\/p>\n\n\n\n<p id=\"p-1777468715654-47789\">El CUD posibilita accesibilidad a:&nbsp;<\/p>\n\n\n\n<p id=\"p-1777468841954-28905\">&nbsp;<\/p>\n\n\n\n<p id=\"p-1777468715654-36288\">\u2022 Salud: incluyendo cobertura del 100% en las prestaciones de rehabilitaci\u00f3n (medicamentos, equipamiento, tratamientos) que la persona requiera por discapacidad&nbsp;<\/p>\n\n\n\n<p id=\"p-1777468845498-85263\">&nbsp;<\/p>\n\n\n\n<p id=\"p-1777468715654-37765\">\u2022 Transporte: traslados gratuitos en el transporte p\u00fablico terrestre&nbsp;<\/p>\n\n\n\n<p id=\"p-1777468846278-48275\">&nbsp;<\/p>\n\n\n\n<p id=\"p-1777468715654-11344\">\u2022 Asignaciones familiares: ayuda escolar anual por hijo con discapacidad, asignaci\u00f3n familiar por hijo con discapacidad, asignaci\u00f3n por conyugue con discapacidad&nbsp;<\/p>\n\n\n\n<p id=\"p-1777468847618-53219\">&nbsp;<\/p>\n\n\n\n<p id=\"p-1777468715654-41500\">\u2022 Cupo laboral: en Argentina, la Ley 22.431 establece un cupo laboral del 4% para personas con discapacidad que re\u00fanan condiciones de idoneidad para el cargo mientras en Jujuy la Ley 4398 fija el cupo en 5% para organismos provinciales&nbsp;<\/p>\n\n\n\n<p id=\"p-1777468850246-78414\">&nbsp;<\/p>\n\n\n\n<p id=\"p-1777468715654-29088\">\u2022 Tarifa Social Federal: incluye los servicios p\u00fablicos de gas en red, energ\u00eda el\u00e9ctrica y agua potable de red&nbsp;<\/p>\n\n\n\n<p id=\"p-1777468851112-85753\">&nbsp;<\/p>\n\n\n\n<p id=\"p-1777468715654-97265\">\u2022 Otros tr\u00e1mites: exenci\u00f3n de pago de peajes, impuestos (municipales, patentes, entre otros). En estos casos la exenci\u00f3n debe solicitarse ante la autoridad de aplicaci\u00f3n de cada normativa.<\/p>\n\n\n\n<p><\/p>\n","protected":false},"excerpt":{"rendered":"<p>El servicio de Salud se encuentra tambi\u00e9n en el Centro Jure en Alto Comedero y en el CEPAM. En el interior, la cobertura contin\u00faa con las Juntas Itinerantes. A trav\u00e9s de la\u00a0Direcci\u00f3n de Discapacidad, Rehabilitaci\u00f3n e Inclusi\u00f3n Social, el\u00a0Ministerio de Salud de Jujuy\u00a0facilita el trabajo de las Juntas de Certificaci\u00f3n de Discapacidad, herramienta con la [&hellip;]<\/p>\n","protected":false},"author":7,"featured_media":20501,"comment_status":"open","ping_status":"open","sticky":false,"template":"","format":"standard","meta":{"_themeisle_gutenberg_block_has_review":false,"footnotes":""},"categories":[118],"tags":[2243,58],"class_list":["post-20500","post","type-post","status-publish","format-standard","has-post-thumbnail","hentry","category-sociedad","tag-discapacidad","tag-jujuy"],"_links":{"self":[{"href":"https:\/\/horapicodigital.com.ar\/index.php\/wp-json\/wp\/v2\/posts\/20500","targetHints":{"allow":["GET"]}}],"collection":[{"href":"https:\/\/horapicodigital.com.ar\/index.php\/wp-json\/wp\/v2\/posts"}],"about":[{"href":"https:\/\/horapicodigital.com.ar\/index.php\/wp-json\/wp\/v2\/types\/post"}],"author":[{"embeddable":true,"href":"https:\/\/horapicodigital.com.ar\/index.php\/wp-json\/wp\/v2\/users\/7"}],"replies":[{"embeddable":true,"href":"https:\/\/horapicodigital.com.ar\/index.php\/wp-json\/wp\/v2\/comments?post=20500"}],"version-history":[{"count":1,"href":"https:\/\/horapicodigital.com.ar\/index.php\/wp-json\/wp\/v2\/posts\/20500\/revisions"}],"predecessor-version":[{"id":20502,"href":"https:\/\/horapicodigital.com.ar\/index.php\/wp-json\/wp\/v2\/posts\/20500\/revisions\/20502"}],"wp:featuredmedia":[{"embeddable":true,"href":"https:\/\/horapicodigital.com.ar\/index.php\/wp-json\/wp\/v2\/media\/20501"}],"wp:attachment":[{"href":"https:\/\/horapicodigital.com.ar\/index.php\/wp-json\/wp\/v2\/media?parent=20500"}],"wp:term":[{"taxonomy":"category","embeddable":true,"href":"https:\/\/horapicodigital.com.ar\/index.php\/wp-json\/wp\/v2\/categories?post=20500"},{"taxonomy":"post_tag","embeddable":true,"href":"https:\/\/horapicodigital.com.ar\/index.php\/wp-json\/wp\/v2\/tags?post=20500"}],"curies":[{"name":"wp","href":"https:\/\/api.w.org\/{rel}","templated":true}]}}