{"id":20497,"date":"2026-05-01T02:33:53","date_gmt":"2026-05-01T05:33:53","guid":{"rendered":"https:\/\/horapicodigital.com.ar\/?p=20497"},"modified":"2026-05-01T02:33:54","modified_gmt":"2026-05-01T05:33:54","slug":"hallaron-sin-vida-a-jose-marcelo-areco-tras-una-semana-de-busqueda","status":"publish","type":"post","link":"https:\/\/horapicodigital.com.ar\/index.php\/2026\/05\/01\/hallaron-sin-vida-a-jose-marcelo-areco-tras-una-semana-de-busqueda\/","title":{"rendered":"Hallaron sin vida a Jos\u00e9 Marcelo Areco tras una semana de b\u00fasqueda"},"content":{"rendered":"\n<p>El cuerpo del ex utilero de Gimnasia de Jujuy fue localizado este mi\u00e9rcoles en la zona de Bajo La Vi\u00f1a luego de siete d\u00edas de desaparici\u00f3n.<\/p>\n\n\n\n<p><a href=\"https:\/\/www.somosjujuy.com.ar\/policiales\/hallaron-vida-jose-marcelo-areco-tras-una-semana-busqueda-n117263#\"><br><\/a><a href=\"https:\/\/www.somosjujuy.com.ar\/policiales\/hallaron-vida-jose-marcelo-areco-tras-una-semana-busqueda-n117263#\"><\/a><a href=\"https:\/\/www.somosjujuy.com.ar\/policiales\/hallaron-vida-jose-marcelo-areco-tras-una-semana-busqueda-n117263#\"><\/a><a href=\"https:\/\/www.somosjujuy.com.ar\/policiales\/hallaron-vida-jose-marcelo-areco-tras-una-semana-busqueda-n117263#\"><\/a><\/p>\n\n\n\n<p>Las autoridades policiales confirmaron el hallazgo del cuerpo de&nbsp;<strong>Jos\u00e9 Marcelo Areco<\/strong>, de 58 a\u00f1os, durante la tarde de este mi\u00e9rcoles. El operativo de rastrillaje finaliz\u00f3 en la zona de&nbsp;<strong>Bajo La Vi\u00f1a<\/strong>, donde el personal de seguridad logr\u00f3 divisar los restos del hombre que era buscado desde la semana pasada.<\/p>\n\n\n\n<p>Areco, reconocido por su labor como&nbsp;<strong>ex utilero de Gimnasia y Esgrima de Jujuy<\/strong>, fue visto por \u00faltima vez el pasado 22 de abril. Tras la denuncia radicada en la&nbsp;<strong>Seccional N\u00b0 2<\/strong>, se inici\u00f3 un protocolo de b\u00fasqueda que incluy\u00f3 la participaci\u00f3n de fuerzas de seguridad y voluntarios del \u00e1mbito deportivo local.<\/p>\n\n\n\n<p>El hallazgo se produjo tras una convocatoria de b\u00fasqueda que se concentr\u00f3 inicialmente en una cancha del barrio Bajo La Vi\u00f1a. La polic\u00eda cerc\u00f3 el per\u00edmetro de forma inmediata para permitir el trabajo de los peritos de criminal\u00edstica en el lugar del hecho.<\/p>\n\n\n\n<p>Por disposici\u00f3n de la fiscal\u00eda del&nbsp;<strong>Ministerio P\u00fablico de la Acusaci\u00f3n<\/strong>, el cuerpo fue trasladado a la&nbsp;<strong>morgue judicial<\/strong>&nbsp;ubicada en el barrio Alto Comedero. All\u00ed se llevar\u00e1n adelante las pericias forenses necesarias para establecer fehacientemente las causas del deceso.<\/p>\n\n\n\n<p>Los m\u00e9dicos especialistas realizar\u00e1n el&nbsp;<strong>examen cadav\u00e9rico<\/strong>&nbsp;correspondiente para determinar la data de muerte. Hasta el momento, las autoridades judiciales mantienen los detalles del caso bajo&nbsp;<strong>estricta reserva<\/strong>, a la espera de los resultados t\u00e9cnicos de la autopsia.<\/p>\n\n\n\n<p>La&nbsp;<strong>investigaci\u00f3n penal<\/strong>&nbsp;contin\u00faa abierta para descartar cualquier hip\u00f3tesis sobre la intervenci\u00f3n de terceros. Los investigadores buscan recolectar testimonios y elementos que permitan reconstruir los \u00faltimos movimientos de la v\u00edctima antes de su desaparici\u00f3n.<\/p>\n\n\n\n<p>Se espera que en las pr\u00f3ximas horas el&nbsp;<strong>Ministerio P\u00fablico de la Acusaci\u00f3n<\/strong>&nbsp;brinde un informe preliminar sobre el resultado de la autopsia practicada al cuerpo.<\/p>\n\n\n\n<p><a href=\"https:\/\/www.somosjujuy.com.ar\/policiales\/megaoperativo-explotacion-infantil-allanamientos-jujuy-forman-parte-una-causa-84-detenidos-n117243\"><\/a><\/p>\n","protected":false},"excerpt":{"rendered":"<p>El cuerpo del ex utilero de Gimnasia de Jujuy fue localizado este mi\u00e9rcoles en la zona de Bajo La Vi\u00f1a luego de siete d\u00edas de desaparici\u00f3n. Las autoridades policiales confirmaron el hallazgo del cuerpo de&nbsp;Jos\u00e9 Marcelo Areco, de 58 a\u00f1os, durante la tarde de este mi\u00e9rcoles. El operativo de rastrillaje finaliz\u00f3 en la zona de&nbsp;Bajo [&hellip;]<\/p>\n","protected":false},"author":7,"featured_media":20498,"comment_status":"open","ping_status":"open","sticky":false,"template":"","format":"standard","meta":{"_themeisle_gutenberg_block_has_review":false,"footnotes":""},"categories":[2877],"tags":[58],"class_list":["post-20497","post","type-post","status-publish","format-standard","has-post-thumbnail","hentry","category-crimen-y-justicia","tag-jujuy"],"_links":{"self":[{"href":"https:\/\/horapicodigital.com.ar\/index.php\/wp-json\/wp\/v2\/posts\/20497","targetHints":{"allow":["GET"]}}],"collection":[{"href":"https:\/\/horapicodigital.com.ar\/index.php\/wp-json\/wp\/v2\/posts"}],"about":[{"href":"https:\/\/horapicodigital.com.ar\/index.php\/wp-json\/wp\/v2\/types\/post"}],"author":[{"embeddable":true,"href":"https:\/\/horapicodigital.com.ar\/index.php\/wp-json\/wp\/v2\/users\/7"}],"replies":[{"embeddable":true,"href":"https:\/\/horapicodigital.com.ar\/index.php\/wp-json\/wp\/v2\/comments?post=20497"}],"version-history":[{"count":1,"href":"https:\/\/horapicodigital.com.ar\/index.php\/wp-json\/wp\/v2\/posts\/20497\/revisions"}],"predecessor-version":[{"id":20499,"href":"https:\/\/horapicodigital.com.ar\/index.php\/wp-json\/wp\/v2\/posts\/20497\/revisions\/20499"}],"wp:featuredmedia":[{"embeddable":true,"href":"https:\/\/horapicodigital.com.ar\/index.php\/wp-json\/wp\/v2\/media\/20498"}],"wp:attachment":[{"href":"https:\/\/horapicodigital.com.ar\/index.php\/wp-json\/wp\/v2\/media?parent=20497"}],"wp:term":[{"taxonomy":"category","embeddable":true,"href":"https:\/\/horapicodigital.com.ar\/index.php\/wp-json\/wp\/v2\/categories?post=20497"},{"taxonomy":"post_tag","embeddable":true,"href":"https:\/\/horapicodigital.com.ar\/index.php\/wp-json\/wp\/v2\/tags?post=20497"}],"curies":[{"name":"wp","href":"https:\/\/api.w.org\/{rel}","templated":true}]}}