{"id":20494,"date":"2026-05-01T02:32:15","date_gmt":"2026-05-01T05:32:15","guid":{"rendered":"https:\/\/horapicodigital.com.ar\/?p=20494"},"modified":"2026-05-01T02:32:16","modified_gmt":"2026-05-01T05:32:16","slug":"con-el-respaldo-de-javier-milei-manuel-adorni-se-cruzo-con-la-oposicion-en-el-congreso-y-desafio-no-voy-a-renunciar","status":"publish","type":"post","link":"https:\/\/horapicodigital.com.ar\/index.php\/2026\/05\/01\/con-el-respaldo-de-javier-milei-manuel-adorni-se-cruzo-con-la-oposicion-en-el-congreso-y-desafio-no-voy-a-renunciar\/","title":{"rendered":"Con el respaldo de Javier Milei, Manuel Adorni se cruz\u00f3 con la oposici\u00f3n en el Congreso y desafi\u00f3: \u201cNo voy a renunciar\u201d"},"content":{"rendered":"\n<p>El jefe de Gabinete logr\u00f3 manejar los tiempos de la sesi\u00f3n y sali\u00f3 indemne de la virtual \u201cinterpelaci\u00f3n\u201d que prepar\u00f3 la oposici\u00f3n. El Presidente y todos los ministros estuvieron presentes para mostrar un apoyo contundente. El funcionario asegur\u00f3 que no cometi\u00f3 ning\u00fan delito y adelant\u00f3 que lo \u201cprobar\u00e1 en la Justicia\u201d. Desde la oposici\u00f3n advirtieron que todav\u00eda hay cuestiones que no obtuvieron respuesta<\/p>\n\n\n\n<p>El jefe de Gabinete,\u00a0<strong>Manuel Adorni<\/strong>, fue contundente y afirm\u00f3 que<strong>\u00a0no pensaba renunciar<\/strong>. Si bien pidi\u00f3 que el informe de gesti\u00f3n no se convierta en un juicio p\u00fablico, asegur\u00f3 sin matices que\u00a0<strong>no hab\u00eda cometido ning\u00fan delito<\/strong>, que pod\u00eda explicar su patrimonio y que pag\u00f3 sus viajes familiares de su bolsillo.\u00a0<strong>Ahora la palabra final la tendr\u00e1 la Justicia.<\/strong><\/p>\n\n\n\n<p>Bajo la atenta mirada del presidente Javier Milei, la secretaria general Karina Milei y todos los ministros del Gabinete, que fueron a mostrar su apoyo, Adorni cerr\u00f3 la primera parte de su presentaci\u00f3n con tono desafiante. \u201cTodas las cuestiones que son parte de una causa judicial en curso deben ser resueltas en ese \u00e1mbito\u201d, dijo. Y remat\u00f3: \u201c<strong>No comet\u00ed ning\u00fan delito y voy a probarlo en la Justicia<\/strong>\u201d.<\/p>\n\n\n\n<p>Las explicaciones del jefe de Gabinete -que ley\u00f3 sus palabras durante toda la jornada- llevaron tranquilidad a la bancada libertaria, donde la estrategia oficial de exponer al funcionario generaba mucha preocupaci\u00f3n. \u201c<strong>Fue muy bueno el discurso, muy contundente, lo que se necesitaba<\/strong>\u201d, analiz\u00f3 un diputado de La Libertad Avanza ante la consulta de\u00a0<strong>Infobae<\/strong>.<\/p>\n\n\n\n<p>Al mismo tiempo, haber abordado de frente los cuestionamientos sobre su patrimonio le quit\u00f3 tensi\u00f3n a la sesi\u00f3n ya que<strong>\u00a0la oposici\u00f3n anticipaba que el funcionario iba a negarse a hablar sobre las denuncias.<\/strong>\u00a0Por eso esperaban poder arrinconarlo al momento de las preguntas. \u201cLa estrategia fue generar muchas expectativas y que despu\u00e9s no pase nada, dio todas las explicaciones y fue un \u00e9xito\u201d, opinaron cerca de Mart\u00edn Menem.<\/p>\n\n\n\n<p>\u201c<strong>En realidad no contest\u00f3 nada y todav\u00eda hay muchas dudas sobre su patrimonio<\/strong>, por ejemplo no explic\u00f3 de d\u00f3nde salen los fondos para pagar viajes o devolver tantos pr\u00e9stamos. Tambi\u00e9n hab\u00eda dicho que nunca se hab\u00eda tomado vacaciones y ahora dijo que los pasajes los pag\u00f3 de su bolsillo\u201d, se quejaba un diputado de la oposici\u00f3n. En las filas del peronismo se mostraron optimistas tras la sesi\u00f3n porque consideraron que\u00a0<strong>\u201cdejaron en evidencia\u201d que Adorni no pod\u00eda contestar con ning\u00fan detalles las preguntas sobre sus propiedades.<\/strong><\/p>\n\n\n\n<p>Adorni habl\u00f3 durante m\u00e1s de una hora de los principales logros econ\u00f3micos del gobierno nacional, como la baja de la inflaci\u00f3n, la eliminaci\u00f3n del d\u00e9ficit y el fin de los piquetes. Pero el foco siempre se mantuvo en los cuestionamientos en su contra.<\/p>\n\n\n\n<p>Al referirse al viaje que hizo su esposa junto con la comitiva oficial a Estados Unidos, el jefe de Gabinete asegur\u00f3 que&nbsp;<strong>no se viol\u00f3 ning\u00fan procedimiento oficial<\/strong>&nbsp;y que fue una decisi\u00f3n \u201cdiscrecional\u201d de Presidencia, conforme al Decreto 713\/16. En esa l\u00ednea, afirm\u00f3 que \u201cno hubo ning\u00fan gasto de vi\u00e1ticos, alojamiento, comida, o de cualquier tipo de parte del Estado Nacional y que no existi\u00f3 incumplimiento en su invitaci\u00f3n\u201d.<\/p>\n\n\n\n<p>Tambi\u00e9n asegur\u00f3 que pag\u00f3 de su bolsillo sus viajes familiares al exterior. \u201cNo se trataron de viajes financiados por terceros en el marco del Decreto 1179\/2016, ni de obsequios de ning\u00fan tipo\u201d, detall\u00f3.<\/p>\n\n\n\n<p>Por otro lado, si bien\u00a0<strong>no habl\u00f3 del origen de los fondos ni de los pr\u00e9stamos que recibi\u00f3<\/strong>, Adorni explic\u00f3 que todos sus bienes ser\u00e1n consignados en su declaraci\u00f3n jurada, para la cual no se ha vencido el plazo de presentaci\u00f3n. Sobre ese punto tambi\u00e9n\u00a0<strong>adelant\u00f3 que presentar\u00e1 toda la documentaci\u00f3n pertinente a la Justicia.<\/strong><\/p>\n\n\n\n<p>La primera parte del informe transcurri\u00f3 sin mayores sobresaltos, a excepci\u00f3n de algunos ocasionales intercambios de chicanas con los diputados del Frente de Izquierda. Uno de los cruces se produjo cuando Adorni mencion\u00f3 el conflicto b\u00e9lico en Gaza. \u201c<strong>C\u00f3mplice del genocidio<\/strong>\u201d, le grit\u00f3 Romina del Pla a Milei. Pero el Presidente simplemente contest\u00f3 saludando con una sonrisa y hasta puso las manos en forma de coraz\u00f3n. En otro momento, los acus\u00f3 de defender ideas (comunismo) que causaron \u201cm\u00e1s de 150 millones de muertes\u201d.<\/p>\n\n\n\n<p>No obstante, a Milei s\u00ed se lo vio m\u00e1s enojado en los pasillos del Palacio Legislativo. Cuando sal\u00eda de la oficina de Menem para dirigirse al palco al inicio de la jornada, un periodista le pregunt\u00f3 si Adorni era corrupto. Sin frenar y sin mirarlos, el Presidente grit\u00f3: \u201c<strong>Ustedes son corruptos<\/strong>\u201d.<\/p>\n\n\n\n<p>Cuando se retiraba, la situaci\u00f3n se repiti\u00f3. Al ser consultado si las explicaciones de Adorni hab\u00edan sido suficientes, Milei arremeti\u00f3: \u201c<strong>Es m\u00e1s que suficiente, el caso est\u00e1 cerrado, chorros, corruptos<\/strong>\u201d.<\/p>\n\n\n\n<p>El clima de la sesi\u00f3n se distendi\u00f3 a\u00fan m\u00e1s cuando el presidente Milei y los miembros del gabinete se retiraron. Solo qued\u00f3 el ministro de Interior Diego Santilli sentado solo en un palco por algunas horas m\u00e1s.<\/p>\n\n\n\n<p>Al momento de las preguntas y respuestas, los bloques m\u00e1s chicos se concentraron en la situaci\u00f3n econ\u00f3mica. Pero igualmente continuaron los dardos contra Adorni. \u201c<strong>No voy a renunciar, de hecho, estoy ac\u00e1 dando la cara<\/strong>\u201d, desafi\u00f3 ante el planteo de que otros funcionarios ante denuncias similares hab\u00edan sido eyectados de la gesti\u00f3n. Adem\u00e1s, apunt\u00f3 directamente contra el\u00a0<strong>kirchnerismo: \u201cUstedes no tienen derecho a pedirle explicaciones judiciales a nadie<\/strong>\u201d3.<\/p>\n\n\n\n<p>El jefe de Gabinete aprovech\u00f3 los cuartos intermedios que se pidieron despu\u00e9s de cada tanda de preguntas para ordenar junto a su equipo las respuestas. Siempre ley\u00f3 y en pocas ocasiones se apart\u00f3 del gui\u00f3n elaborado por sus asesores.<\/p>\n\n\n\n<p>\u201cSi no le tra\u00edan todas las cosas que le dieron para leer, no podr\u00eda haber contestado ninguna pregunta. Eso es muy grave\u201d, protest\u00f3 el peronista Germ\u00e1n Mart\u00ednez. En definitiva, el ministro coordinados<strong>&nbsp;logr\u00f3 manejar los tiempos de la sesi\u00f3n<\/strong>, no pronunci\u00f3 ninguna frase desafortunada y<strong>&nbsp;sali\u00f3 indemne de la interpelaci\u00f3n \u201cblue\u201d que hab\u00eda preparado la oposici\u00f3n.<\/strong><\/p>\n","protected":false},"excerpt":{"rendered":"<p>El jefe de Gabinete logr\u00f3 manejar los tiempos de la sesi\u00f3n y sali\u00f3 indemne de la virtual \u201cinterpelaci\u00f3n\u201d que prepar\u00f3 la oposici\u00f3n. El Presidente y todos los ministros estuvieron presentes para mostrar un apoyo contundente. El funcionario asegur\u00f3 que no cometi\u00f3 ning\u00fan delito y adelant\u00f3 que lo \u201cprobar\u00e1 en la Justicia\u201d. Desde la oposici\u00f3n advirtieron [&hellip;]<\/p>\n","protected":false},"author":7,"featured_media":20495,"comment_status":"open","ping_status":"open","sticky":false,"template":"","format":"standard","meta":{"_themeisle_gutenberg_block_has_review":false,"footnotes":""},"categories":[33],"tags":[232],"class_list":["post-20494","post","type-post","status-publish","format-standard","has-post-thumbnail","hentry","category-politica","tag-curiosidades"],"_links":{"self":[{"href":"https:\/\/horapicodigital.com.ar\/index.php\/wp-json\/wp\/v2\/posts\/20494","targetHints":{"allow":["GET"]}}],"collection":[{"href":"https:\/\/horapicodigital.com.ar\/index.php\/wp-json\/wp\/v2\/posts"}],"about":[{"href":"https:\/\/horapicodigital.com.ar\/index.php\/wp-json\/wp\/v2\/types\/post"}],"author":[{"embeddable":true,"href":"https:\/\/horapicodigital.com.ar\/index.php\/wp-json\/wp\/v2\/users\/7"}],"replies":[{"embeddable":true,"href":"https:\/\/horapicodigital.com.ar\/index.php\/wp-json\/wp\/v2\/comments?post=20494"}],"version-history":[{"count":1,"href":"https:\/\/horapicodigital.com.ar\/index.php\/wp-json\/wp\/v2\/posts\/20494\/revisions"}],"predecessor-version":[{"id":20496,"href":"https:\/\/horapicodigital.com.ar\/index.php\/wp-json\/wp\/v2\/posts\/20494\/revisions\/20496"}],"wp:featuredmedia":[{"embeddable":true,"href":"https:\/\/horapicodigital.com.ar\/index.php\/wp-json\/wp\/v2\/media\/20495"}],"wp:attachment":[{"href":"https:\/\/horapicodigital.com.ar\/index.php\/wp-json\/wp\/v2\/media?parent=20494"}],"wp:term":[{"taxonomy":"category","embeddable":true,"href":"https:\/\/horapicodigital.com.ar\/index.php\/wp-json\/wp\/v2\/categories?post=20494"},{"taxonomy":"post_tag","embeddable":true,"href":"https:\/\/horapicodigital.com.ar\/index.php\/wp-json\/wp\/v2\/tags?post=20494"}],"curies":[{"name":"wp","href":"https:\/\/api.w.org\/{rel}","templated":true}]}}