{"id":20486,"date":"2026-05-01T02:15:25","date_gmt":"2026-05-01T05:15:25","guid":{"rendered":"https:\/\/horapicodigital.com.ar\/?p=20486"},"modified":"2026-05-01T02:15:26","modified_gmt":"2026-05-01T05:15:26","slug":"jujuy-se-vistio-de-runway-en-la-previa-del-estreno","status":"publish","type":"post","link":"https:\/\/horapicodigital.com.ar\/index.php\/2026\/05\/01\/jujuy-se-vistio-de-runway-en-la-previa-del-estreno\/","title":{"rendered":"Jujuy se visti\u00f3 de Runway en la previa del estreno"},"content":{"rendered":"\n<p>En Jujuy, el universo de \u00abEl diablo viste a la moda\u00bb se vivi\u00f3 antes de la pantalla: una pasarela que reinterpret\u00f3 su est\u00e9tica con siluetas limpias, colores ic\u00f3nicos y una elegancia que no necesita presentaci\u00f3n.<\/p>\n\n\n\n<p>El mundo de la moda y el cine vuelve a cruzarse con uno de los t\u00edtulos m\u00e1s influyentes de las \u00faltimas d\u00e9cadas: The Devil Wears Prada. A casi 20 a\u00f1os de su estreno, la expectativa por su secuela revive no solo la historia, sino tambi\u00e9n el impacto cultural que supo marcar.<\/p>\n\n\n\n<p>Lejos de ser una pel\u00edcula m\u00e1s en cartelera, hablamos de un fen\u00f3meno que trascendi\u00f3 la pantalla. No solo por su vestuario ic\u00f3nico, sino por personajes que quedaron en la memoria colectiva, como Miranda Priestly o Andy Sachs, interpretados por Meryl Streep y Anne Hathaway. Figuras que construyeron una narrativa donde la moda es apenas la superficie de algo m\u00e1s profundo.<\/p>\n\n\n\n<p>Porque, en esencia, la historia habla del ingreso al mundo laboral, de la exigencia, la competencia y de decisiones personales que muchas veces implican dejar partes de uno mismo en el camino.<\/p>\n\n\n\n<p>En ese contexto, la moda juje\u00f1a no quiso quedarse afuera. En una propuesta conjunta entre el\u00a0<strong>Cine Teatro Alfa<\/strong>\u00a0y\u00a0<strong>Jujuy Models<\/strong>, se realiz\u00f3 una pasarela previa al estreno, donde 15 modelos presentaron looks inspirados en el universo del film.<\/p>\n\n\n\n<p>Siluetas ajustadas, cortes limpios y telas que acompa\u00f1an el cuerpo marcaron la impronta del desfile. Nada sobra. Cada pieza trabaja la figura desde la simpleza, construyendo una est\u00e9tica pulida y sofisticada.<\/p>\n\n\n\n<p>La colecci\u00f3n se mueve en un terreno seguro pero efectivo: feminidad contempor\u00e1nea, l\u00edneas que estilizan y una elegancia que no necesita excesos para imponerse. Es moda que no busca cuestionar, sino afirmar presencia.<\/p>\n\n\n\n<p>\u201cCada casa aport\u00f3 sus prendas, siempre relacionadas a lo que fue la primera pel\u00edcula y tambi\u00e9n a esta nueva etapa\u201d, explic\u00f3 Antonio Mart\u00ednez, referente de Jujuy Models.<\/p>\n\n\n\n<p><br>Los colores jugaron un rol central. \u201cEl rojo, el negro y el blanco son los tonos que predominan en estas historias, y eso se vio reflejado en la pasarela\u201d, detall\u00f3.<\/p>\n\n\n\n<p>Sobre el escenario, las siluetas ce\u00f1idas, las aberturas estrat\u00e9gicas y los cortes asim\u00e9tricos construyeron una narrativa visual alineada con el esp\u00edritu del film: elegancia, seguridad y presencia.<\/p>\n\n\n\n<p>El desfile, que se extendi\u00f3 durante diez minutos, fue recibido con entusiasmo por el p\u00fablico. \u201cLa gente se fue muy contenta. Fue un espect\u00e1culo lindo, y todos los que participamos le pusimos mucha energ\u00eda desde el primer momento\u201d, agreg\u00f3 Mart\u00ednez.<\/p>\n\n\n\n<p>Adem\u00e1s del show, el evento tambi\u00e9n funcion\u00f3 como una puerta de entrada al mundo de la moda local. Desde la escuela, con m\u00e1s de 12 a\u00f1os de trayectoria en la provincia, destacaron la importancia de formar desde edades tempranas, incorporando herramientas como asesoramiento de imagen y producci\u00f3n de moda.<\/p>\n\n\n\n<p>\u201cLa moda es algo fascinante, y tratamos de transmitir eso en cada instancia de formaci\u00f3n\u201d, concluy\u00f3.<\/p>\n","protected":false},"excerpt":{"rendered":"<p>En Jujuy, el universo de \u00abEl diablo viste a la moda\u00bb se vivi\u00f3 antes de la pantalla: una pasarela que reinterpret\u00f3 su est\u00e9tica con siluetas limpias, colores ic\u00f3nicos y una elegancia que no necesita presentaci\u00f3n. El mundo de la moda y el cine vuelve a cruzarse con uno de los t\u00edtulos m\u00e1s influyentes de las [&hellip;]<\/p>\n","protected":false},"author":7,"featured_media":20487,"comment_status":"open","ping_status":"open","sticky":false,"template":"","format":"standard","meta":{"_themeisle_gutenberg_block_has_review":false,"footnotes":""},"categories":[2714],"tags":[13,58],"class_list":["post-20486","post","type-post","status-publish","format-standard","has-post-thumbnail","hentry","category-shows-y-eventos","tag-cine","tag-jujuy"],"_links":{"self":[{"href":"https:\/\/horapicodigital.com.ar\/index.php\/wp-json\/wp\/v2\/posts\/20486","targetHints":{"allow":["GET"]}}],"collection":[{"href":"https:\/\/horapicodigital.com.ar\/index.php\/wp-json\/wp\/v2\/posts"}],"about":[{"href":"https:\/\/horapicodigital.com.ar\/index.php\/wp-json\/wp\/v2\/types\/post"}],"author":[{"embeddable":true,"href":"https:\/\/horapicodigital.com.ar\/index.php\/wp-json\/wp\/v2\/users\/7"}],"replies":[{"embeddable":true,"href":"https:\/\/horapicodigital.com.ar\/index.php\/wp-json\/wp\/v2\/comments?post=20486"}],"version-history":[{"count":1,"href":"https:\/\/horapicodigital.com.ar\/index.php\/wp-json\/wp\/v2\/posts\/20486\/revisions"}],"predecessor-version":[{"id":20488,"href":"https:\/\/horapicodigital.com.ar\/index.php\/wp-json\/wp\/v2\/posts\/20486\/revisions\/20488"}],"wp:featuredmedia":[{"embeddable":true,"href":"https:\/\/horapicodigital.com.ar\/index.php\/wp-json\/wp\/v2\/media\/20487"}],"wp:attachment":[{"href":"https:\/\/horapicodigital.com.ar\/index.php\/wp-json\/wp\/v2\/media?parent=20486"}],"wp:term":[{"taxonomy":"category","embeddable":true,"href":"https:\/\/horapicodigital.com.ar\/index.php\/wp-json\/wp\/v2\/categories?post=20486"},{"taxonomy":"post_tag","embeddable":true,"href":"https:\/\/horapicodigital.com.ar\/index.php\/wp-json\/wp\/v2\/tags?post=20486"}],"curies":[{"name":"wp","href":"https:\/\/api.w.org\/{rel}","templated":true}]}}