{"id":20480,"date":"2026-04-30T00:23:47","date_gmt":"2026-04-30T03:23:47","guid":{"rendered":"https:\/\/horapicodigital.com.ar\/?p=20480"},"modified":"2026-04-30T00:23:48","modified_gmt":"2026-04-30T03:23:48","slug":"talleres-muestras-y-encuentros-en-los-centros-culturales-de-jujuy","status":"publish","type":"post","link":"https:\/\/horapicodigital.com.ar\/index.php\/2026\/04\/30\/talleres-muestras-y-encuentros-en-los-centros-culturales-de-jujuy\/","title":{"rendered":"Talleres, muestras y encuentros en los centros culturales de Jujuy"},"content":{"rendered":"\n<p>Del 30 de abril al 6 de mayo, los centros culturales de Jujuy ofrecen talleres de cer\u00e1mica, teatro, quechua, muestras de arte y presentaciones literarias.<\/p>\n\n\n\n<p>La\u00a0<strong>agenda cultural\u00a0<\/strong>del 30 de abril al 6 de mayo incluye talleres de cer\u00e1mica, teatro, quechua, collage y artes pl\u00e1sticas, muestras de arte vigentes y presentaciones literarias, con propuestas gratuitas en espacios y\u00a0<strong>centros culturales<\/strong>\u00a0abiertos a toda la comunidad.<\/p>\n\n\n\n<p>M\u00e1s propuestas en los centros culturales de Jujuy<\/p>\n\n\n\n<p id=\"p-1777481857465-26757\">La semana tiene su mayor concentraci\u00f3n de actividades en el&nbsp;<strong>C.A.J.A. \u2013 Centro de Arte Joven Andino<\/strong>, ubicado en Alvear 534 de San Salvador de Jujuy, donde contin\u00faa hasta el 11 de mayo la muestra colectiva&nbsp;<strong>\u00abT&#8217;IKRAY\u00bb<\/strong>, de entrada libre y gratuita, de 8 a 20 horas.<\/p>\n\n\n\n<p id=\"p-1777481857465-16654\">El jueves 30 de abril, en el marco de la muestra, se realiza el Laboratorio de Collage con merienda incluida, a cargo de Aylen Valeriano y Kevin Armella, de 17:30 a 20:30 horas, sin costo. El mismo d\u00eda habr\u00e1 Taller de Teatro para J\u00f3venes y Adultos a cargo de Damian Zanin, y Taller de Direcci\u00f3n Creativa Musical a cargo de Favio Barbieri, ambos de 19 a 21 horas y con arancel.&nbsp;<\/p>\n\n\n\n<p id=\"p-1777481857465-79130\">El martes 5 de mayo el CAJA retoma con la versi\u00f3n desayuno del Laboratorio de Collage, tambi\u00e9n gratuita, de 10:30 a 13 horas, y Taller de Teatro por la noche. El mi\u00e9rcoles 6 se suma el Taller \u00abCrecemos Pintando\u00bb a cargo de Nayla Ram\u00edrez y, a las 19 horas, la presentaci\u00f3n del libro de Daniela Urgel, de entrada libre.&nbsp;<\/p>\n\n\n\n<p id=\"p-1777481857465-33648\">En\u00a0<strong>Culturarte<\/strong>, en San Mart\u00edn esquina Sarmiento, se puede visitar hasta el 3 de mayo la muestra\u00a0<strong>\u00abPersonajes\u00bb<\/strong>\u00a0de Miguel Vaca, libre y gratuita, de 8 a 20 horas. Las solicitudes de visitas guiadas para grupos y escuelas se reciben en\u00a0culturartejujuy@gmail.com.\u00a0<\/p>\n\n\n\n<p id=\"p-1777481857465-23428\">El&nbsp;<strong>Centro Cultural y Museo Casa Macedonio Graz<\/strong>, en Lamadrid esquina G\u00fcemes, exhibe hasta el 4 de mayo&nbsp;<strong>\u00abTejido y Territorio\u00bb<\/strong>&nbsp;de Eulalia Villafa\u00f1e, con entrada libre. El jueves 30 de abril ofrece el taller de cer\u00e1mica&nbsp;<strong>\u00abManos que crean\u00bb<\/strong>&nbsp;a cargo de la artesana Flora P\u00e1rraga, de 16 a 18 horas, con arancel \u2014 consultas al 388 4888145. El museo recibe visitas de lunes a viernes de 9 a 13 y de 16 a 21 horas.&nbsp;<\/p>\n\n\n\n<p id=\"p-1777481857465-35989\">En la&nbsp;<strong>Casa de las Letras<\/strong>, en Can\u00f3nigo Gorriti 295, la semana incluye el Taller de Quechua coordinado por Kusi Killa el jueves 30 de 16 a 18 horas, con arancel, y el Taller de Lectura de Matilde Almada, gratuito, tanto el jueves 30 como el martes 5 de 18 a 20 horas. El mi\u00e9rcoles 6 se re\u00fane el Grupo Art\u00edstico Literario Juje\u00f1os Autores. Puede visitarse adem\u00e1s, hasta junio, la muestra&nbsp;<strong>\u00abPaisajes de la Colecci\u00f3n del Patrimonio Art\u00edstico de la Provincia de Jujuy\u00bb<\/strong>, de entrada libre y gratuita, de 8 a 20 horas.<\/p>\n","protected":false},"excerpt":{"rendered":"<p>Del 30 de abril al 6 de mayo, los centros culturales de Jujuy ofrecen talleres de cer\u00e1mica, teatro, quechua, muestras de arte y presentaciones literarias. La\u00a0agenda cultural\u00a0del 30 de abril al 6 de mayo incluye talleres de cer\u00e1mica, teatro, quechua, collage y artes pl\u00e1sticas, muestras de arte vigentes y presentaciones literarias, con propuestas gratuitas en [&hellip;]<\/p>\n","protected":false},"author":7,"featured_media":20481,"comment_status":"open","ping_status":"open","sticky":false,"template":"","format":"standard","meta":{"_themeisle_gutenberg_block_has_review":false,"footnotes":""},"categories":[2719],"tags":[58],"class_list":["post-20480","post","type-post","status-publish","format-standard","has-post-thumbnail","hentry","category-cultura","tag-jujuy"],"_links":{"self":[{"href":"https:\/\/horapicodigital.com.ar\/index.php\/wp-json\/wp\/v2\/posts\/20480","targetHints":{"allow":["GET"]}}],"collection":[{"href":"https:\/\/horapicodigital.com.ar\/index.php\/wp-json\/wp\/v2\/posts"}],"about":[{"href":"https:\/\/horapicodigital.com.ar\/index.php\/wp-json\/wp\/v2\/types\/post"}],"author":[{"embeddable":true,"href":"https:\/\/horapicodigital.com.ar\/index.php\/wp-json\/wp\/v2\/users\/7"}],"replies":[{"embeddable":true,"href":"https:\/\/horapicodigital.com.ar\/index.php\/wp-json\/wp\/v2\/comments?post=20480"}],"version-history":[{"count":1,"href":"https:\/\/horapicodigital.com.ar\/index.php\/wp-json\/wp\/v2\/posts\/20480\/revisions"}],"predecessor-version":[{"id":20482,"href":"https:\/\/horapicodigital.com.ar\/index.php\/wp-json\/wp\/v2\/posts\/20480\/revisions\/20482"}],"wp:featuredmedia":[{"embeddable":true,"href":"https:\/\/horapicodigital.com.ar\/index.php\/wp-json\/wp\/v2\/media\/20481"}],"wp:attachment":[{"href":"https:\/\/horapicodigital.com.ar\/index.php\/wp-json\/wp\/v2\/media?parent=20480"}],"wp:term":[{"taxonomy":"category","embeddable":true,"href":"https:\/\/horapicodigital.com.ar\/index.php\/wp-json\/wp\/v2\/categories?post=20480"},{"taxonomy":"post_tag","embeddable":true,"href":"https:\/\/horapicodigital.com.ar\/index.php\/wp-json\/wp\/v2\/tags?post=20480"}],"curies":[{"name":"wp","href":"https:\/\/api.w.org\/{rel}","templated":true}]}}