{"id":20474,"date":"2026-04-30T00:19:01","date_gmt":"2026-04-30T03:19:01","guid":{"rendered":"https:\/\/horapicodigital.com.ar\/?p=20474"},"modified":"2026-04-30T00:19:03","modified_gmt":"2026-04-30T03:19:03","slug":"la-conmebol-anuncio-el-lanzamiento-de-la-serie-de-la-copa-libertadores","status":"publish","type":"post","link":"https:\/\/horapicodigital.com.ar\/index.php\/2026\/04\/30\/la-conmebol-anuncio-el-lanzamiento-de-la-serie-de-la-copa-libertadores\/","title":{"rendered":"La Conmebol anunci\u00f3 el lanzamiento de la serie de la Copa Libertadores"},"content":{"rendered":"\n<p>La casa madre del f\u00fatbol sudamericano brind\u00f3 precisiones sobre la primera serie documental oficial en la historia de la competici\u00f3n.<\/p>\n\n\n\n<p>La Confederaci\u00f3n Sudamericana de F\u00fatbol (<strong>Conmebol<\/strong>) anunci\u00f3 la realizaci\u00f3n de la serie que se llamar\u00e1\u00a0<em>Conmebol Libertadores 2026: La Gloria Eterna<\/em>. Estar\u00e1 compuesta de 11 cap\u00edtulos enfocados en la copa m\u00e1s importante del continente desde el arranque de la fase de grupos hasta la gran final del s\u00e1bado 28 de noviembre en Montevideo, Uruguay.<\/p>\n\n\n\n<p>Te puede interesar:<br>Este fue el gol del colombiano Neiser Villarreal con el que Cruzeiro le gan\u00f3 a Boca Juniors en la Copa Libertadores<br>El lanzamiento de este proyecto en sociedad con Offline Sports abarca tres cap\u00edtulos en la primera fase, uno de cada jornada en las zonas, mientras que se realizar\u00e1n siete episodios en las rondas de eliminaci\u00f3n directa con cuatro de octavos de final, dos de cuartos y uno de semifinales. Durar\u00e1n 30 minutos, salvo el und\u00e9cimo y \u00faltimo apartado, que profundizar\u00e1 en la historia del campe\u00f3n y se extender\u00e1 entre 60 y 90 minutos. Todav\u00eda no se anunci\u00f3 la fecha del estreno.<\/p>\n\n\n\n<p>La producci\u00f3n promete entrevistas exclusivas, la presencia de leyendas de los diferentes clubes y la realizaci\u00f3n de un documental de calidad cinematogr\u00e1fica para contar el cap\u00edtulo final de la serie desde la mirada del campe\u00f3n y se revivir\u00e1 su recorrido hasta levantar el trofeo.<\/p>\n\n\n\n<p>Habr\u00e1 acceso in\u00e9dito y exclusivo a la intimidad de los planteles, di\u00e1logos con los entrenadores de cada equipo, las cuatro figuras m\u00e1s importantes de los conjuntos participantes, c\u00e1maras en los vestuarios y en los entrenamientos y charlas con los trabajadores de las propias instituciones, desde un canchero hasta la voz del estadio.<\/p>\n\n\n\n<p><a href=\"https:\/\/www.infobae.com\/colombia\/deportes\/2026\/04\/29\/leyenda-del-futbol-ingles-se-rinde-ante-luis-diaz-tras-su-gol-con-el-bayern-munich-asi-deberian-ser-los-extremos-de-todo-el-mundo\/\" target=\"_blank\" rel=\"noreferrer noopener\"><\/a><\/p>\n\n\n\n<p>El presidente de la casa madre del f\u00fatbol sudamericano,&nbsp;<strong>Alejandro Dom\u00ednguez<\/strong>, destac\u00f3 el acuerdo alcanzado para mostrar la intimidad de la competici\u00f3n desde otra mirada: \u201cCon la CONMEBOL Libertadores buscamos siempre nuevas formas de enriquecer la experiencia de los hinchas. Este documental se cargar\u00e1 con las emociones y la energ\u00eda \u00fanicas del f\u00fatbol sudamericano, con la misma pasi\u00f3n que naci\u00f3 hace 66 a\u00f1os y que ha convertido a este torneo en una de las competiciones deportivas m\u00e1s importantes del mundo\u201d.<\/p>\n\n\n\n<p><a href=\"https:\/\/www.infobae.com\/deportes\/2026\/04\/29\/la-expulsion-de-bareiro-en-cruzeiro-boca-juniors-bajo-la-lupa-que-dice-el-reglamento\/\" target=\"_blank\" rel=\"noreferrer noopener\"><\/a><\/p>\n\n\n\n<p>Se tratar\u00e1 de la primera serie documental oficial en la historia de la competici\u00f3n y las filmaciones estar\u00e1n a cargo de una productora con mucha experiencia. Offline Sports es un estudio de contenido premium especializado en deportes y cultura, con oficinas en Los \u00c1ngeles y Buenos Aires, y ya estuvo a cargo de\u00a0<em>CONMEBOL Copa Am\u00e9rica 2024: El Legado<\/em>, mientras que cubri\u00f3 otras tem\u00e1ticas como\u00a0<em>CONCACAF Champions Cup: Juego de Campeones<\/em>,\u00a0<em>Elijo Creer<\/em>\u00a0y\u00a0<em>Camino a Qatar<\/em>.<\/p>\n\n\n\n<p>La continuidad de esta alianza con la Conmebol buscar\u00e1 explorar en las diferentes cuestiones alrededor de esta edici\u00f3n de la\u00a0<strong>Copa Libertadores<\/strong>. El predominio de los equipos brasile\u00f1os con siete campeones en las \u00faltimas ocho ediciones es uno de los t\u00f3picos m\u00e1s destacados, sumado a las deudas de clubes hist\u00f3ricos: Boca Juniors no la gana desde 2007 y Pe\u00f1arol desde 1987. Adem\u00e1s,\u00a0<strong>\u00c1ngel Di Mar\u00eda<\/strong>\u00a0volvi\u00f3 a\u00a0<strong>Rosario Central<\/strong>\u00a0para jugar esta copa por segunda vez con su club (la anterior fue en 2006). De hecho, este martes\u00a0convirti\u00f3 su primer gol ante Universidad Central en Venezuela.<\/p>\n\n\n\n<p>Antes de su estreno en el torneo,\u00a0<em>Fideo<\/em>\u00a0se refiri\u00f3 a la espera para afrontar este torneo en declaraciones suministradas a este medio como parte del contenido exclusivo que estar\u00e1 a disposici\u00f3n para la serie: \u201cEs obvio que desde que clasificamos a la Libertadores hasta ahora pasaron muchos meses y\u00a0<strong>la ansiedad te mata<\/strong>. No somos equipos como otros que tienen la posibilidad de estar todos los a\u00f1os.\u00a0<strong>Entonces, cuando ten\u00e9s esa posibilidad, la quer\u00e9s aprovechar y, al haber entrado, est\u00e1 la ansiedad de que llegue el primer partido.<\/strong>\u00a0A uno lo ilusiona y lo pone muy contento\u201d.<\/p>\n\n\n\n<p>Los co-fundadores de Offline Sports, Gonzalo Arias y Diego Piasek, dejaron su opini\u00f3n tras la confirmaci\u00f3n de este acuerdo con la Conmebol: \u201cLa Copa Libertadores es el torneo m\u00e1s dif\u00edcil del mundo: no hay otro donde un equipo salga de Buenos Aires, viaje cuatro horas, juegue a 3.000 metros de altura, y tres d\u00edas despu\u00e9s tenga que ganar de local para no quedar eliminado. Esa brutalidad es lo que la hace \u00fanica. Por eso, lo que m\u00e1s nos importa no es el gol\u2026 es lo que pasa antes del gol: la cara del jugador que lleva a\u00f1os sin poder dormir antes de un partido de Libertadores, el t\u00e9cnico que habla con su familia desde un hotel en otra ciudad y no dice nada, pero en los ojos se ve todo.&nbsp;<strong>Eso es lo que la gente todav\u00eda no vio de este torneo<\/strong>\u201c.<\/p>\n\n\n\n<p>El video de lanzamiento contempl\u00f3 la elecci\u00f3n de diferentes escenas hist\u00f3ricas de esta competici\u00f3n como as\u00ed tambi\u00e9n la presencia de diferentes futbolistas que se dieron el gusto de competir en la \u00e9lite del f\u00fatbol sudamericano: Pel\u00e9, Neymar, Juli\u00e1n \u00c1lvarez, Vinicius J\u00fanior, Endrick y Ronaldinho, entre otros.&nbsp;<strong>\u201cEsta copa no regala nada, pero lo exige todo\u201d<\/strong>, sintetizaron en las im\u00e1genes, que incluyeron la celebraci\u00f3n de&nbsp;<strong>River Plate<\/strong>&nbsp;ante&nbsp;<strong>Boca Juniors<\/strong>&nbsp;en la final de 2018 y postales del&nbsp;<em>Monumental&nbsp;<\/em>y la&nbsp;<em>Bombonera<\/em>.<\/p>\n\n\n\n<p>Desde la Conmebol aseguran que la filmaci\u00f3n, actualmente en producci\u00f3n, mostrar\u00e1 de cerca a los 32 equipos clasificados con un trabajo mancomunado con el \u00e1rea digital de cada entidad para recabar el contenido en resoluci\u00f3n 4K.<\/p>\n","protected":false},"excerpt":{"rendered":"<p>La casa madre del f\u00fatbol sudamericano brind\u00f3 precisiones sobre la primera serie documental oficial en la historia de la competici\u00f3n. La Confederaci\u00f3n Sudamericana de F\u00fatbol (Conmebol) anunci\u00f3 la realizaci\u00f3n de la serie que se llamar\u00e1\u00a0Conmebol Libertadores 2026: La Gloria Eterna. Estar\u00e1 compuesta de 11 cap\u00edtulos enfocados en la copa m\u00e1s importante del continente desde el [&hellip;]<\/p>\n","protected":false},"author":7,"featured_media":20475,"comment_status":"open","ping_status":"open","sticky":false,"template":"","format":"standard","meta":{"_themeisle_gutenberg_block_has_review":false,"footnotes":""},"categories":[10],"tags":[58],"class_list":["post-20474","post","type-post","status-publish","format-standard","has-post-thumbnail","hentry","category-deportes","tag-jujuy"],"_links":{"self":[{"href":"https:\/\/horapicodigital.com.ar\/index.php\/wp-json\/wp\/v2\/posts\/20474","targetHints":{"allow":["GET"]}}],"collection":[{"href":"https:\/\/horapicodigital.com.ar\/index.php\/wp-json\/wp\/v2\/posts"}],"about":[{"href":"https:\/\/horapicodigital.com.ar\/index.php\/wp-json\/wp\/v2\/types\/post"}],"author":[{"embeddable":true,"href":"https:\/\/horapicodigital.com.ar\/index.php\/wp-json\/wp\/v2\/users\/7"}],"replies":[{"embeddable":true,"href":"https:\/\/horapicodigital.com.ar\/index.php\/wp-json\/wp\/v2\/comments?post=20474"}],"version-history":[{"count":1,"href":"https:\/\/horapicodigital.com.ar\/index.php\/wp-json\/wp\/v2\/posts\/20474\/revisions"}],"predecessor-version":[{"id":20476,"href":"https:\/\/horapicodigital.com.ar\/index.php\/wp-json\/wp\/v2\/posts\/20474\/revisions\/20476"}],"wp:featuredmedia":[{"embeddable":true,"href":"https:\/\/horapicodigital.com.ar\/index.php\/wp-json\/wp\/v2\/media\/20475"}],"wp:attachment":[{"href":"https:\/\/horapicodigital.com.ar\/index.php\/wp-json\/wp\/v2\/media?parent=20474"}],"wp:term":[{"taxonomy":"category","embeddable":true,"href":"https:\/\/horapicodigital.com.ar\/index.php\/wp-json\/wp\/v2\/categories?post=20474"},{"taxonomy":"post_tag","embeddable":true,"href":"https:\/\/horapicodigital.com.ar\/index.php\/wp-json\/wp\/v2\/tags?post=20474"}],"curies":[{"name":"wp","href":"https:\/\/api.w.org\/{rel}","templated":true}]}}