{"id":20471,"date":"2026-04-30T00:15:09","date_gmt":"2026-04-30T03:15:09","guid":{"rendered":"https:\/\/horapicodigital.com.ar\/?p=20471"},"modified":"2026-04-30T00:15:11","modified_gmt":"2026-04-30T03:15:11","slug":"litio-jujuy-salta-y-catamarca-consolidan-un-bloque-regional-para-atraer-inversiones","status":"publish","type":"post","link":"https:\/\/horapicodigital.com.ar\/index.php\/2026\/04\/30\/litio-jujuy-salta-y-catamarca-consolidan-un-bloque-regional-para-atraer-inversiones\/","title":{"rendered":"Litio: Jujuy, Salta y Catamarca consolidan un bloque regional para atraer inversiones"},"content":{"rendered":"\n<p>Una nueva sesi\u00f3n de la Mesa del Litio tuvo como eje central la coordinaci\u00f3n de pol\u00edticas p\u00fablicas, la industrializaci\u00f3n y el desarrollo sustentable del mineral en el NOA.<\/p>\n\n\n\n<p id=\"p-1777490060491-57700\">En un encuentro clave para el futuro energ\u00e9tico de la regi\u00f3n, los gobernadores de<strong>&nbsp;Jujuy, Salta y Catamarca encabezaron una nueva sesi\u00f3n de la Mesa del Litio<\/strong>, presidida por el gobernador Carlos Sadir, junto a representantes del Consejo Federal de Inversiones (CFI). El evento tuvo como eje central la coordinaci\u00f3n de pol\u00edticas p\u00fablicas, la industrializaci\u00f3n y el desarrollo sustentable del mineral en el NOA.<\/p>\n\n\n\n<p id=\"p-1777490060491-59080\">La jornada culmin\u00f3 con un paso institucional decisivo: la oficializaci\u00f3n de la creaci\u00f3n del Comit\u00e9 Regional de la Regi\u00f3n Minera del Litio. Este organismo buscar\u00e1 armonizar los esquemas tributarios y no tributarios de la industria, adem\u00e1s de trazar una \u00abhoja de ruta\u00bb para fortalecer la gobernanza regional.<\/p>\n\n\n\n<h2 class=\"wp-block-heading\" id=\"p-1777490060492-11132\">Un frente unido por la seguridad jur\u00eddica<\/h2>\n\n\n\n<p id=\"p-1777490060492-71299\">El gobernador de Jujuy y presidente pro tempore de la Mesa, Carlos Sadir, destac\u00f3 el crecimiento exponencial del sector, impulsado por la demanda global de minerales cr\u00edticos para la transici\u00f3n energ\u00e9tica.<\/p>\n\n\n\n<p id=\"p-1777490060492-48166\">\u00abEl mundo posa sus ojos en el &#8216;Tri\u00e1ngulo del Litio&#8217;. Necesitamos que provincias, Naci\u00f3n y proveedores trabajemos en infraestructura y licencia social para que el sector crezca y beneficie a nuestra gente\u00bb, afirm\u00f3 Sadir.&nbsp;<\/p>\n\n\n\n<p id=\"p-1777490060492-11737\">Por su parte, Gustavo S\u00e1enz, el mandatario salte\u00f1o, enfatiz\u00f3 la necesidad de dotar al pa\u00eds de previsibilidad para atraer capitales extranjeros. El mandatario advirti\u00f3 sobre la \u00abpendularidad\u00bb pol\u00edtica de Argentina y la importancia de establecer reglas de juego claras.&nbsp;<\/p>\n\n\n\n<p id=\"p-1777490060492-12812\">\u00abDebemos tener pol\u00edticas de Estado inamovibles para ser un pa\u00eds serio. Buscamos el &#8216;justo medio&#8217; para generar la seguridad jur\u00eddica que los inversores exigen\u00bb, expuso.<\/p>\n\n\n\n<h2 class=\"wp-block-heading\" id=\"p-1777490060492-78910\">Financiamiento e Infraestructura<\/h2>\n\n\n\n<p id=\"p-1777490060492-73928\">El gobernador de Catamarca, Ra\u00fal Jalil, puso el foco en la competitividad y el financiamiento. Subray\u00f3 el rol del CFI y de organismos internacionales como el Banco Mundial y el BID para cubrir el d\u00e9ficit de infraestructura.&nbsp;<\/p>\n\n\n\n<p id=\"p-1777490060492-76355\">Jalil tambi\u00e9n mencion\u00f3 el impacto positivo del R\u00e9gimen de Incentivo para Grandes Inversiones (RIGI), se\u00f1alando que ha funcionado como un acelerador para proyectos que buscan beneficios impositivos y estabilidad a largo plazo.<\/p>\n\n\n\n<h2 class=\"wp-block-heading\" id=\"p-1777490060492-86342\">Participaci\u00f3n Multisectorial<\/h2>\n\n\n\n<p id=\"p-1777490060492-62857\">El encuentro, realizado en el Hotel Altos de la Vi\u00f1a, cont\u00f3 con una amplia representaci\u00f3n de organismos t\u00e9cnicos y financieros:&nbsp;<\/p>\n\n\n\n<p id=\"p-1777490060492-31887\">\u2022 Organismos Internacionales: Banco Mundial, BID, CEPAL e IGF (Foro Intergubernamental para la Miner\u00eda).&nbsp;<\/p>\n\n\n\n<p id=\"p-1777490060492-65133\">\u2022 Entidades Nacionales y Provinciales: Secretar\u00eda de Miner\u00eda de la Naci\u00f3n, CFI, JEMSE (Jujuy), REMSa (Salta) y CAMYEN (Catamarca).&nbsp;<\/p>\n\n\n\n<p id=\"p-1777490060492-23030\">El objetivo final de estas mesas de di\u00e1logo es garantizar que el debate sectorial cuente con soporte t\u00e9cnico y cient\u00edfico, permitiendo que el desarrollo del litio no solo sea una oportunidad econ\u00f3mica, sino una pol\u00edtica de Estado con solvencia institucional.<\/p>\n","protected":false},"excerpt":{"rendered":"<p>Una nueva sesi\u00f3n de la Mesa del Litio tuvo como eje central la coordinaci\u00f3n de pol\u00edticas p\u00fablicas, la industrializaci\u00f3n y el desarrollo sustentable del mineral en el NOA. En un encuentro clave para el futuro energ\u00e9tico de la regi\u00f3n, los gobernadores de&nbsp;Jujuy, Salta y Catamarca encabezaron una nueva sesi\u00f3n de la Mesa del Litio, presidida [&hellip;]<\/p>\n","protected":false},"author":7,"featured_media":20472,"comment_status":"open","ping_status":"open","sticky":false,"template":"","format":"standard","meta":{"_themeisle_gutenberg_block_has_review":false,"footnotes":""},"categories":[35],"tags":[58],"class_list":["post-20471","post","type-post","status-publish","format-standard","has-post-thumbnail","hentry","category-pais","tag-jujuy"],"_links":{"self":[{"href":"https:\/\/horapicodigital.com.ar\/index.php\/wp-json\/wp\/v2\/posts\/20471","targetHints":{"allow":["GET"]}}],"collection":[{"href":"https:\/\/horapicodigital.com.ar\/index.php\/wp-json\/wp\/v2\/posts"}],"about":[{"href":"https:\/\/horapicodigital.com.ar\/index.php\/wp-json\/wp\/v2\/types\/post"}],"author":[{"embeddable":true,"href":"https:\/\/horapicodigital.com.ar\/index.php\/wp-json\/wp\/v2\/users\/7"}],"replies":[{"embeddable":true,"href":"https:\/\/horapicodigital.com.ar\/index.php\/wp-json\/wp\/v2\/comments?post=20471"}],"version-history":[{"count":1,"href":"https:\/\/horapicodigital.com.ar\/index.php\/wp-json\/wp\/v2\/posts\/20471\/revisions"}],"predecessor-version":[{"id":20473,"href":"https:\/\/horapicodigital.com.ar\/index.php\/wp-json\/wp\/v2\/posts\/20471\/revisions\/20473"}],"wp:featuredmedia":[{"embeddable":true,"href":"https:\/\/horapicodigital.com.ar\/index.php\/wp-json\/wp\/v2\/media\/20472"}],"wp:attachment":[{"href":"https:\/\/horapicodigital.com.ar\/index.php\/wp-json\/wp\/v2\/media?parent=20471"}],"wp:term":[{"taxonomy":"category","embeddable":true,"href":"https:\/\/horapicodigital.com.ar\/index.php\/wp-json\/wp\/v2\/categories?post=20471"},{"taxonomy":"post_tag","embeddable":true,"href":"https:\/\/horapicodigital.com.ar\/index.php\/wp-json\/wp\/v2\/tags?post=20471"}],"curies":[{"name":"wp","href":"https:\/\/api.w.org\/{rel}","templated":true}]}}