{"id":20468,"date":"2026-04-30T00:12:55","date_gmt":"2026-04-30T03:12:55","guid":{"rendered":"https:\/\/horapicodigital.com.ar\/?p=20468"},"modified":"2026-04-30T00:12:57","modified_gmt":"2026-04-30T03:12:57","slug":"acreditacion-de-haberes-de-abril","status":"publish","type":"post","link":"https:\/\/horapicodigital.com.ar\/index.php\/2026\/04\/30\/acreditacion-de-haberes-de-abril\/","title":{"rendered":"Acreditaci\u00f3n de haberes de abril"},"content":{"rendered":"\n<p id=\"p-1777499642921-45260\">El\u00a0<strong>Ministerio de Educaci\u00f3n<\/strong>\u00a0informa que este jueves 30 de abril se acreditar\u00e1n los haberes correspondientes al mes de abril para el personal docente de la provincia.<\/p>\n\n\n\n<p id=\"p-1777499642921-78793\">Asimismo, se comunica que, en casos excepcionales, docentes que se encuentran en proceso de incorporaci\u00f3n o revistan car\u00e1cter provisional, y cuyos tr\u00e1mites administrativos no hayan sido completados al momento de la liquidaci\u00f3n, podr\u00edan no ver reflejada la acreditaci\u00f3n en esta instancia.<\/p>\n\n\n\n<p id=\"p-1777499905739-79793\">Se recomienda a los docentes informarse sobre su situaci\u00f3n administrativa y realizar las consultas correspondientes en los establecimientos educativos donde prestan servicio, a fin de verificar el estado de sus tr\u00e1mites y, en caso de corresponder, avanzar en su regularizaci\u00f3n.<\/p>\n\n\n\n<p><\/p>\n","protected":false},"excerpt":{"rendered":"<p>El\u00a0Ministerio de Educaci\u00f3n\u00a0informa que este jueves 30 de abril se acreditar\u00e1n los haberes correspondientes al mes de abril para el personal docente de la provincia. Asimismo, se comunica que, en casos excepcionales, docentes que se encuentran en proceso de incorporaci\u00f3n o revistan car\u00e1cter provisional, y cuyos tr\u00e1mites administrativos no hayan sido completados al momento de [&hellip;]<\/p>\n","protected":false},"author":7,"featured_media":20469,"comment_status":"open","ping_status":"open","sticky":false,"template":"","format":"standard","meta":{"_themeisle_gutenberg_block_has_review":false,"footnotes":""},"categories":[248],"tags":[58],"class_list":["post-20468","post","type-post","status-publish","format-standard","has-post-thumbnail","hentry","category-educacion","tag-jujuy"],"_links":{"self":[{"href":"https:\/\/horapicodigital.com.ar\/index.php\/wp-json\/wp\/v2\/posts\/20468","targetHints":{"allow":["GET"]}}],"collection":[{"href":"https:\/\/horapicodigital.com.ar\/index.php\/wp-json\/wp\/v2\/posts"}],"about":[{"href":"https:\/\/horapicodigital.com.ar\/index.php\/wp-json\/wp\/v2\/types\/post"}],"author":[{"embeddable":true,"href":"https:\/\/horapicodigital.com.ar\/index.php\/wp-json\/wp\/v2\/users\/7"}],"replies":[{"embeddable":true,"href":"https:\/\/horapicodigital.com.ar\/index.php\/wp-json\/wp\/v2\/comments?post=20468"}],"version-history":[{"count":1,"href":"https:\/\/horapicodigital.com.ar\/index.php\/wp-json\/wp\/v2\/posts\/20468\/revisions"}],"predecessor-version":[{"id":20470,"href":"https:\/\/horapicodigital.com.ar\/index.php\/wp-json\/wp\/v2\/posts\/20468\/revisions\/20470"}],"wp:featuredmedia":[{"embeddable":true,"href":"https:\/\/horapicodigital.com.ar\/index.php\/wp-json\/wp\/v2\/media\/20469"}],"wp:attachment":[{"href":"https:\/\/horapicodigital.com.ar\/index.php\/wp-json\/wp\/v2\/media?parent=20468"}],"wp:term":[{"taxonomy":"category","embeddable":true,"href":"https:\/\/horapicodigital.com.ar\/index.php\/wp-json\/wp\/v2\/categories?post=20468"},{"taxonomy":"post_tag","embeddable":true,"href":"https:\/\/horapicodigital.com.ar\/index.php\/wp-json\/wp\/v2\/tags?post=20468"}],"curies":[{"name":"wp","href":"https:\/\/api.w.org\/{rel}","templated":true}]}}