{"id":20455,"date":"2026-04-28T00:50:36","date_gmt":"2026-04-28T03:50:36","guid":{"rendered":"https:\/\/horapicodigital.com.ar\/?p=20455"},"modified":"2026-04-28T00:50:37","modified_gmt":"2026-04-28T03:50:37","slug":"comenzo-la-semana-de-vacunacion-en-las-americas-2026","status":"publish","type":"post","link":"https:\/\/horapicodigital.com.ar\/index.php\/2026\/04\/28\/comenzo-la-semana-de-vacunacion-en-las-americas-2026\/","title":{"rendered":"Comenz\u00f3 la Semana de Vacunaci\u00f3n en las Am\u00e9ricas 2026"},"content":{"rendered":"\n<p>Se realiza hasta el s\u00e1bado 2 de mayo y tiene como objetivo completar esquemas de vacunaci\u00f3n en personas de todas las edades.<\/p>\n\n\n\n<p>El\u00a0<strong>Ministerio de Salud de Jujuy<\/strong>\u00a0informa a la comunidad que desde el s\u00e1bado 25 de abril se lleva adelante la 24\u00b0 Semana de Vacunaci\u00f3n en las Am\u00e9ricas (SVA) y de la 15\u00b0 Semana Mundial de la Inmunizaci\u00f3n (SMI), iniciativa que apunta a fortalecer el compromiso con la vacunaci\u00f3n en todas las etapas de la vida, siendo una herramienta vital, segura y gratuita para la erradicaci\u00f3n de enfermedades.<\/p>\n\n\n\n<p id=\"p-1777296317893-36251\">Con el lema \u00abTu decisi\u00f3n marca la diferencia. Inmunizaci\u00f3n para todos\u00bb, la propuesta de alcance internacional remarca que la vacunaci\u00f3n es un derecho de todas las personas cuyo beneficio impacta en la propia salud mientras redunda a nivel comunitario.<\/p>\n\n\n\n<h2 class=\"wp-block-heading\" id=\"p-1777307100357-22377\">Jujuy reafirma el compromiso con la vacunaci\u00f3n<\/h2>\n\n\n\n<p id=\"p-1777296317893-42223\">En Jujuy, por decisi\u00f3n del Gobierno de la Provincia, se sostienen las acciones y estrategias que permiten el trabajo de los equipos de Atenci\u00f3n Primaria y de vacunadoras y vacunadores en cada regi\u00f3n del territorio. Por ello, la vacunaci\u00f3n est\u00e1 a disposici\u00f3n todos los d\u00edas del a\u00f1o en postas sanitarias, CAPS, y hospitales de la red provincial, en vacunatorios fijos habilitados, en operativos sanitarios tanto en zonas rurales como urbanas, en rastrillajes y durante las campa\u00f1as masivas que facilitan el acceso de la poblaci\u00f3n.<\/p>\n\n\n\n<p id=\"p-1777296317893-58472\">Para la vacunaci\u00f3n, solo se debe presentar DNI y Carnet para que el equipo pueda chequearlo y aplicar las dosis requeridas.<\/p>\n","protected":false},"excerpt":{"rendered":"<p>Se realiza hasta el s\u00e1bado 2 de mayo y tiene como objetivo completar esquemas de vacunaci\u00f3n en personas de todas las edades. El\u00a0Ministerio de Salud de Jujuy\u00a0informa a la comunidad que desde el s\u00e1bado 25 de abril se lleva adelante la 24\u00b0 Semana de Vacunaci\u00f3n en las Am\u00e9ricas (SVA) y de la 15\u00b0 Semana Mundial [&hellip;]<\/p>\n","protected":false},"author":7,"featured_media":20456,"comment_status":"open","ping_status":"open","sticky":false,"template":"","format":"standard","meta":{"_themeisle_gutenberg_block_has_review":false,"footnotes":""},"categories":[11],"tags":[58],"class_list":["post-20455","post","type-post","status-publish","format-standard","has-post-thumbnail","hentry","category-salud","tag-jujuy"],"_links":{"self":[{"href":"https:\/\/horapicodigital.com.ar\/index.php\/wp-json\/wp\/v2\/posts\/20455","targetHints":{"allow":["GET"]}}],"collection":[{"href":"https:\/\/horapicodigital.com.ar\/index.php\/wp-json\/wp\/v2\/posts"}],"about":[{"href":"https:\/\/horapicodigital.com.ar\/index.php\/wp-json\/wp\/v2\/types\/post"}],"author":[{"embeddable":true,"href":"https:\/\/horapicodigital.com.ar\/index.php\/wp-json\/wp\/v2\/users\/7"}],"replies":[{"embeddable":true,"href":"https:\/\/horapicodigital.com.ar\/index.php\/wp-json\/wp\/v2\/comments?post=20455"}],"version-history":[{"count":1,"href":"https:\/\/horapicodigital.com.ar\/index.php\/wp-json\/wp\/v2\/posts\/20455\/revisions"}],"predecessor-version":[{"id":20457,"href":"https:\/\/horapicodigital.com.ar\/index.php\/wp-json\/wp\/v2\/posts\/20455\/revisions\/20457"}],"wp:featuredmedia":[{"embeddable":true,"href":"https:\/\/horapicodigital.com.ar\/index.php\/wp-json\/wp\/v2\/media\/20456"}],"wp:attachment":[{"href":"https:\/\/horapicodigital.com.ar\/index.php\/wp-json\/wp\/v2\/media?parent=20455"}],"wp:term":[{"taxonomy":"category","embeddable":true,"href":"https:\/\/horapicodigital.com.ar\/index.php\/wp-json\/wp\/v2\/categories?post=20455"},{"taxonomy":"post_tag","embeddable":true,"href":"https:\/\/horapicodigital.com.ar\/index.php\/wp-json\/wp\/v2\/tags?post=20455"}],"curies":[{"name":"wp","href":"https:\/\/api.w.org\/{rel}","templated":true}]}}