{"id":20445,"date":"2026-04-28T00:44:33","date_gmt":"2026-04-28T03:44:33","guid":{"rendered":"https:\/\/horapicodigital.com.ar\/?p=20445"},"modified":"2026-04-28T00:44:35","modified_gmt":"2026-04-28T03:44:35","slug":"sadir-destaco-el-trabajo-conjunto-y-reafirmo-el-compromiso-con-una-mineria-sustentable-en-jujuy","status":"publish","type":"post","link":"https:\/\/horapicodigital.com.ar\/index.php\/2026\/04\/28\/sadir-destaco-el-trabajo-conjunto-y-reafirmo-el-compromiso-con-una-mineria-sustentable-en-jujuy\/","title":{"rendered":"Sadir destac\u00f3 el trabajo conjunto y reafirm\u00f3 el compromiso con una miner\u00eda sustentable en Jujuy"},"content":{"rendered":"\n<p>El gobernador particip\u00f3 en la presentaci\u00f3n del Modelo Conceptual y Num\u00e9rico Integrado para la Cuenca Olaroz-Cauchari.<\/p>\n\n\n\n<p>En el marco de la presentaci\u00f3n del\u00a0<strong>Modelo Conceptual y Num\u00e9rico Integrado para la Cuenca Olaroz-Cauchari<\/strong>, el gobernador de la provincia,<strong>\u00a0Carlos Sadir<\/strong>, puso en valor el desarrollo productivo, la articulaci\u00f3n regional y el fortalecimiento institucional del sector minero, participando de la presentaci\u00f3n final del estudio elaborado por la consultora internacional Montgomery &amp; Associates.<\/p>\n\n\n\n<p id=\"p-1777066531809-84813\">La actividad, que se desarroll\u00f3 durante dos jornadas en el Hotel Altos de la Vi\u00f1a, fue organizada por el Ministerio de Miner\u00eda de la Provincia, en el marco de las acciones de di\u00e1logo vinculadas a los estudios ambientales e hidrogeol\u00f3gicos. Cont\u00f3 con la participaci\u00f3n de representantes de las empresas Sales de Jujuy S.A., South American Salars S. A. y Minera Exar S.A., junto a comunidades de Catua, Susques, Pastos Chicos, Hu\u00e1ncar, Coranzul\u00ed, San Juan de Quillaques, Olaroz Chico y Puesto Sey quienes coincidieron en la importancia de incorporar este tipo de estudios a los esquemas de monitoreo ambiental vigentes.<\/p>\n\n\n\n<p id=\"p-1777066531809-40458\">Asimismo, participaron representantes de la Facultad de Ingenier\u00eda de la UNJu, del SEGEMAR, del Instituto de Geolog\u00eda y Miner\u00eda de la Universidad Nacional de Jujuy, del Instituto de Ecorregiones Andinas (CONICET-UNJu) y de la Universidad Cat\u00f3lica de Salta, aportando una mirada t\u00e9cnica y acad\u00e9mica al proceso.<\/p>\n\n\n\n<h2 class=\"wp-block-heading\" id=\"p-1777298747228-9834\">Fortalecimiento del trabajo conjunto<\/h2>\n\n\n\n<p id=\"p-1777066531809-8033\">Durante su intervenci\u00f3n, el gobernador Carlos Sadir agradeci\u00f3 la participaci\u00f3n de todos los actores involucrados y destac\u00f3 el trabajo que se viene llevando adelante en la provincia en torno a distintos proyectos vinculados a las comunidades y al desarrollo productivo.&nbsp;<\/p>\n\n\n\n<p id=\"p-1777066531809-58315\">En ese sentido, remarc\u00f3 la importancia de continuar fortaleciendo el trabajo conjunto entre el Estado, las empresas y las comunidades, se\u00f1alando que \u201cse trata de iniciativas que permiten abordar problem\u00e1ticas y avanzar en soluciones concretas para el crecimiento de Jujuy\u201d.&nbsp;<\/p>\n\n\n\n<p id=\"p-1777066531809-86337\">El m\u00e1ximo mandatario juje\u00f1o tambi\u00e9n subray\u00f3 el rol estrat\u00e9gico de la actividad minera, destacando que la creaci\u00f3n del Ministerio de Miner\u00eda fortalece el desarrollo del sector y mejora la articulaci\u00f3n con provincias vecinas como Salta y Catamarca, en una visi\u00f3n regional integrada.&nbsp;<\/p>\n\n\n\n<p id=\"p-1777066531809-72338\">En otro tramo de su mensaje, reafirm\u00f3 el compromiso de la provincia con una miner\u00eda sustentable, haciendo especial hincapi\u00e9 en la protecci\u00f3n del ambiente y el cuidado del agua, y resalt\u00f3 la necesidad de continuar generando informaci\u00f3n clara y fortaleciendo el di\u00e1logo con todos los actores.&nbsp;<\/p>\n\n\n\n<p id=\"p-1777066531809-27661\">\u201cTenemos que trabajar muy de cerca con las comunidades, con la colaboraci\u00f3n de las empresas y de los organismos del Estado, en cada uno de los emprendimientos\u201d, expres\u00f3.&nbsp;<\/p>\n\n\n\n<p id=\"p-1777066531809-75720\">Finalmente, el ministro de Miner\u00eda Jos\u00e9 G\u00f3mez, destac\u00f3 la importancia de consolidar una mirada regional que permita impulsar estrategias conjuntas con otras provincias y agradeci\u00f3 el compromiso de las empresas, inst\u00e1ndolas a continuar desarrollando proyectos que representan una oportunidad de crecimiento a largo plazo para Jujuy.&nbsp;<\/p>\n\n\n\n<h2 class=\"wp-block-heading\"><\/h2>\n","protected":false},"excerpt":{"rendered":"<p>El gobernador particip\u00f3 en la presentaci\u00f3n del Modelo Conceptual y Num\u00e9rico Integrado para la Cuenca Olaroz-Cauchari. En el marco de la presentaci\u00f3n del\u00a0Modelo Conceptual y Num\u00e9rico Integrado para la Cuenca Olaroz-Cauchari, el gobernador de la provincia,\u00a0Carlos Sadir, puso en valor el desarrollo productivo, la articulaci\u00f3n regional y el fortalecimiento institucional del sector minero, participando de [&hellip;]<\/p>\n","protected":false},"author":7,"featured_media":20446,"comment_status":"open","ping_status":"open","sticky":false,"template":"","format":"standard","meta":{"_themeisle_gutenberg_block_has_review":false,"footnotes":""},"categories":[32],"tags":[2909,58,2910],"class_list":["post-20445","post","type-post","status-publish","format-standard","has-post-thumbnail","hentry","category-locales","tag-compromiso","tag-jujuy","tag-trabajo-conjunto"],"_links":{"self":[{"href":"https:\/\/horapicodigital.com.ar\/index.php\/wp-json\/wp\/v2\/posts\/20445","targetHints":{"allow":["GET"]}}],"collection":[{"href":"https:\/\/horapicodigital.com.ar\/index.php\/wp-json\/wp\/v2\/posts"}],"about":[{"href":"https:\/\/horapicodigital.com.ar\/index.php\/wp-json\/wp\/v2\/types\/post"}],"author":[{"embeddable":true,"href":"https:\/\/horapicodigital.com.ar\/index.php\/wp-json\/wp\/v2\/users\/7"}],"replies":[{"embeddable":true,"href":"https:\/\/horapicodigital.com.ar\/index.php\/wp-json\/wp\/v2\/comments?post=20445"}],"version-history":[{"count":1,"href":"https:\/\/horapicodigital.com.ar\/index.php\/wp-json\/wp\/v2\/posts\/20445\/revisions"}],"predecessor-version":[{"id":20447,"href":"https:\/\/horapicodigital.com.ar\/index.php\/wp-json\/wp\/v2\/posts\/20445\/revisions\/20447"}],"wp:featuredmedia":[{"embeddable":true,"href":"https:\/\/horapicodigital.com.ar\/index.php\/wp-json\/wp\/v2\/media\/20446"}],"wp:attachment":[{"href":"https:\/\/horapicodigital.com.ar\/index.php\/wp-json\/wp\/v2\/media?parent=20445"}],"wp:term":[{"taxonomy":"category","embeddable":true,"href":"https:\/\/horapicodigital.com.ar\/index.php\/wp-json\/wp\/v2\/categories?post=20445"},{"taxonomy":"post_tag","embeddable":true,"href":"https:\/\/horapicodigital.com.ar\/index.php\/wp-json\/wp\/v2\/tags?post=20445"}],"curies":[{"name":"wp","href":"https:\/\/api.w.org\/{rel}","templated":true}]}}