{"id":20435,"date":"2026-04-27T20:45:22","date_gmt":"2026-04-27T23:45:22","guid":{"rendered":"https:\/\/horapicodigital.com.ar\/?p=20435"},"modified":"2026-04-27T20:45:23","modified_gmt":"2026-04-27T23:45:23","slug":"joven-oriundo-de-jujuy-murio-a-golpes-en-una-avenida-en-tarija","status":"publish","type":"post","link":"https:\/\/horapicodigital.com.ar\/index.php\/2026\/04\/27\/joven-oriundo-de-jujuy-murio-a-golpes-en-una-avenida-en-tarija\/","title":{"rendered":"Joven oriundo de Jujuy muri\u00f3 a golpes en una avenida en Tarija"},"content":{"rendered":"\n<p>La v\u00edctima, de 37 a\u00f1os, fue atacada brutalmente el s\u00e1bado en la c\u00e9ntrica avenida Domingo Paz. El agresor qued\u00f3 en detenci\u00f3n preventiva.<\/p>\n\n\n\n<p>Un hombre de 37 a\u00f1os, oriundo de la provincia de Jujuy, Argentina, perdi\u00f3 la vida tras ser salvajemente golpeado en la intersecci\u00f3n de las calles Domingo Paz y O\u2019Connor, en el barrio La Pampa de la ciudad de Tarija. El presunto atacante, un hombre cuya identidad no fue revelada, fue enviado al penal de Morros Blancos con detenci\u00f3n preventiva por cuatro meses.<\/p>\n\n\n\n<p>La v\u00edctima, cuyo nombre se mantiene en reserva, resid\u00eda temporalmente en Tarija pero hab\u00eda nacido y crecido en la provincia&nbsp;de Jujuy, seg\u00fan confirmaron fuentes cercanas a la investigaci\u00f3n. Su fallecimiento ocurri\u00f3 en el lugar de los hechos debido a la extrema gravedad de los golpes recibidos, principalmente en la cabeza.<\/p>\n\n\n\n<p>El hecho ocurri\u00f3 la ma\u00f1ana del s\u00e1bado 25 de abril, cuando vecinos alertaron a la Fuerza Especial de Lucha Contra el Crimen (Felcc) sobre una violenta pelea. Testigos se\u00f1alaron que la v\u00edctima intercept\u00f3 al ahora imputado en la v\u00eda p\u00fablica y lo condujo hasta la puerta de su habitaci\u00f3n, donde se habr\u00eda producido un contacto f\u00edsico que el agresor calific\u00f3 como \u201cno consentido\u201d. Seg\u00fan la versi\u00f3n del detenido, reaccion\u00f3 ante ese acto con golpes de pu\u00f1o y patadas, una reacci\u00f3n que la Fiscal\u00eda considera desproporcionada.<\/p>\n\n\n\n<p>El presunto homicida intent\u00f3 huir, pero fue perseguido y retenido por vecinos del sector cerca de la plaza del estadio IV Centenario, hasta la llegada de la Polic\u00eda. En la audiencia de medidas cautelares, el Ministerio P\u00fablico imput\u00f3 el delito de asesinato. La defensa aleg\u00f3 leg\u00edtima defensa, pero la justicia determin\u00f3 la prisi\u00f3n preventiva mientras se realizan pericias clave, como la autopsia m\u00e9dico-legal.<\/p>\n","protected":false},"excerpt":{"rendered":"<p>La v\u00edctima, de 37 a\u00f1os, fue atacada brutalmente el s\u00e1bado en la c\u00e9ntrica avenida Domingo Paz. El agresor qued\u00f3 en detenci\u00f3n preventiva. Un hombre de 37 a\u00f1os, oriundo de la provincia de Jujuy, Argentina, perdi\u00f3 la vida tras ser salvajemente golpeado en la intersecci\u00f3n de las calles Domingo Paz y O\u2019Connor, en el barrio La [&hellip;]<\/p>\n","protected":false},"author":7,"featured_media":20436,"comment_status":"open","ping_status":"open","sticky":false,"template":"","format":"standard","meta":{"_themeisle_gutenberg_block_has_review":false,"footnotes":""},"categories":[34],"tags":[58],"class_list":["post-20435","post","type-post","status-publish","format-standard","has-post-thumbnail","hentry","category-policiales","tag-jujuy"],"_links":{"self":[{"href":"https:\/\/horapicodigital.com.ar\/index.php\/wp-json\/wp\/v2\/posts\/20435","targetHints":{"allow":["GET"]}}],"collection":[{"href":"https:\/\/horapicodigital.com.ar\/index.php\/wp-json\/wp\/v2\/posts"}],"about":[{"href":"https:\/\/horapicodigital.com.ar\/index.php\/wp-json\/wp\/v2\/types\/post"}],"author":[{"embeddable":true,"href":"https:\/\/horapicodigital.com.ar\/index.php\/wp-json\/wp\/v2\/users\/7"}],"replies":[{"embeddable":true,"href":"https:\/\/horapicodigital.com.ar\/index.php\/wp-json\/wp\/v2\/comments?post=20435"}],"version-history":[{"count":1,"href":"https:\/\/horapicodigital.com.ar\/index.php\/wp-json\/wp\/v2\/posts\/20435\/revisions"}],"predecessor-version":[{"id":20437,"href":"https:\/\/horapicodigital.com.ar\/index.php\/wp-json\/wp\/v2\/posts\/20435\/revisions\/20437"}],"wp:featuredmedia":[{"embeddable":true,"href":"https:\/\/horapicodigital.com.ar\/index.php\/wp-json\/wp\/v2\/media\/20436"}],"wp:attachment":[{"href":"https:\/\/horapicodigital.com.ar\/index.php\/wp-json\/wp\/v2\/media?parent=20435"}],"wp:term":[{"taxonomy":"category","embeddable":true,"href":"https:\/\/horapicodigital.com.ar\/index.php\/wp-json\/wp\/v2\/categories?post=20435"},{"taxonomy":"post_tag","embeddable":true,"href":"https:\/\/horapicodigital.com.ar\/index.php\/wp-json\/wp\/v2\/tags?post=20435"}],"curies":[{"name":"wp","href":"https:\/\/api.w.org\/{rel}","templated":true}]}}