{"id":20432,"date":"2026-04-27T20:44:13","date_gmt":"2026-04-27T23:44:13","guid":{"rendered":"https:\/\/horapicodigital.com.ar\/?p=20432"},"modified":"2026-04-27T20:44:14","modified_gmt":"2026-04-27T23:44:14","slug":"detuvieron-un-colectivo-que-partio-de-jujuy-con-una-presunta-victima-de-trata","status":"publish","type":"post","link":"https:\/\/horapicodigital.com.ar\/index.php\/2026\/04\/27\/detuvieron-un-colectivo-que-partio-de-jujuy-con-una-presunta-victima-de-trata\/","title":{"rendered":"Detuvieron un colectivo que parti\u00f3 de Jujuy con una presunta v\u00edctima de trata"},"content":{"rendered":"\n<p>El transporte llevaba una menor sin adultos responsables junto a ciudadanos colombianos.<\/p>\n\n\n\n<p>Un colectivo de larga distancia que hab\u00eda salido desde Jujuy fue detenido en la provincia de Salta tras detectarse que trasladaba a una presunta v\u00edctima de trata de personas, adem\u00e1s de carga ilegal.<\/p>\n\n\n\n<p>El procedimiento se realiz\u00f3 sobre la Ruta Provincial N\u00ba10, a la altura de la localidad de General G\u00fcemes, donde efectivos del Escuadr\u00f3n 45 \u201cSalta\u201d frenaron la marcha del transporte, que ten\u00eda como destino final la ciudad de Buenos Aires.<\/p>\n\n\n\n<p>Durante el control, los gendarmes detectaron que a bordo viajaban 14 ciudadanos de nacionalidad colombiana sin documentaci\u00f3n que acreditara su ingreso legal al pa\u00eds. Entre ellos se encontraba una menor de edad que viajaba sin padres ni adultos responsables, lo que encendi\u00f3 las alertas por un posible caso de trata de personas.<\/p>\n\n\n\n<p>El Magistrado interviniente dispuso que la presunta v\u00edctima de trata sea trasladada al Hospital de la localidad de G\u00fcemes para realizarle estudios m\u00e9dicos, y posteriormente, al hospital Materno Infantil de la ciudad de Salta donde permaneci\u00f3 internada con custodia policial. Posteriormente, se dispuso que la menor sea puesta a disposici\u00f3n de la Direcci\u00f3n de Trata de Personas de la provincia.<\/p>\n\n\n\n<p>En paralelo,&nbsp;<strong>durante la requisa del colectivo, los efectivos encontraron 280 kilos de hojas de coca en estado natural ocultos en un doble fondo de la bodega, adem\u00e1s de 112 bultos de mercader\u00eda de origen extranjero ingresada de manera ilegal.<\/strong><\/p>\n\n\n\n<p>La Fiscal\u00eda Federal de Salta&nbsp;<strong>orden\u00f3 la detenci\u00f3n de los 13 ciudadanos colombianos involucrados,<\/strong>&nbsp;quienes luego ser\u00e1n expulsados del pa\u00eds a trav\u00e9s del Paso Internacional de Aguas Blancas.<\/p>\n\n\n\n<p>En tanto,&nbsp;<strong>los dos choferes del colectivo y una coordinadora quedaron supeditados a la causa, mientras avanza la investigaci\u00f3n por presunta infracci\u00f3n a las leyes de Migraciones, C\u00f3digo Aduanero y Trata de Personas.<\/strong><\/p>\n\n\n\n<p><a href=\"https:\/\/www.somosjujuy.com.ar\/policiales\/rapido-accionar-policial-evito-incendio-una-vivienda-alto-comedero-n117110\"><\/a><\/p>\n","protected":false},"excerpt":{"rendered":"<p>El transporte llevaba una menor sin adultos responsables junto a ciudadanos colombianos. Un colectivo de larga distancia que hab\u00eda salido desde Jujuy fue detenido en la provincia de Salta tras detectarse que trasladaba a una presunta v\u00edctima de trata de personas, adem\u00e1s de carga ilegal. El procedimiento se realiz\u00f3 sobre la Ruta Provincial N\u00ba10, a [&hellip;]<\/p>\n","protected":false},"author":7,"featured_media":20433,"comment_status":"open","ping_status":"open","sticky":false,"template":"","format":"standard","meta":{"_themeisle_gutenberg_block_has_review":false,"footnotes":""},"categories":[34],"tags":[58],"class_list":["post-20432","post","type-post","status-publish","format-standard","has-post-thumbnail","hentry","category-policiales","tag-jujuy"],"_links":{"self":[{"href":"https:\/\/horapicodigital.com.ar\/index.php\/wp-json\/wp\/v2\/posts\/20432","targetHints":{"allow":["GET"]}}],"collection":[{"href":"https:\/\/horapicodigital.com.ar\/index.php\/wp-json\/wp\/v2\/posts"}],"about":[{"href":"https:\/\/horapicodigital.com.ar\/index.php\/wp-json\/wp\/v2\/types\/post"}],"author":[{"embeddable":true,"href":"https:\/\/horapicodigital.com.ar\/index.php\/wp-json\/wp\/v2\/users\/7"}],"replies":[{"embeddable":true,"href":"https:\/\/horapicodigital.com.ar\/index.php\/wp-json\/wp\/v2\/comments?post=20432"}],"version-history":[{"count":1,"href":"https:\/\/horapicodigital.com.ar\/index.php\/wp-json\/wp\/v2\/posts\/20432\/revisions"}],"predecessor-version":[{"id":20434,"href":"https:\/\/horapicodigital.com.ar\/index.php\/wp-json\/wp\/v2\/posts\/20432\/revisions\/20434"}],"wp:featuredmedia":[{"embeddable":true,"href":"https:\/\/horapicodigital.com.ar\/index.php\/wp-json\/wp\/v2\/media\/20433"}],"wp:attachment":[{"href":"https:\/\/horapicodigital.com.ar\/index.php\/wp-json\/wp\/v2\/media?parent=20432"}],"wp:term":[{"taxonomy":"category","embeddable":true,"href":"https:\/\/horapicodigital.com.ar\/index.php\/wp-json\/wp\/v2\/categories?post=20432"},{"taxonomy":"post_tag","embeddable":true,"href":"https:\/\/horapicodigital.com.ar\/index.php\/wp-json\/wp\/v2\/tags?post=20432"}],"curies":[{"name":"wp","href":"https:\/\/api.w.org\/{rel}","templated":true}]}}