{"id":20428,"date":"2026-04-27T17:52:38","date_gmt":"2026-04-27T20:52:38","guid":{"rendered":"https:\/\/horapicodigital.com.ar\/?p=20428"},"modified":"2026-04-27T17:52:39","modified_gmt":"2026-04-27T20:52:39","slug":"dos-profugos-y-un-familiar-que-rompio-el-silencio-el-viaje-de-la-nena-violada-y-embarazada-desde-santiago-del-estero-hasta-la-clinica-del-horror","status":"publish","type":"post","link":"https:\/\/horapicodigital.com.ar\/index.php\/2026\/04\/27\/dos-profugos-y-un-familiar-que-rompio-el-silencio-el-viaje-de-la-nena-violada-y-embarazada-desde-santiago-del-estero-hasta-la-clinica-del-horror\/","title":{"rendered":"Dos pr\u00f3fugos y un familiar que rompi\u00f3 el silencio: el viaje de la nena violada y embarazada desde Santiago del Estero hasta la cl\u00ednica del horror"},"content":{"rendered":"\n<p>Un juzgado federal y dos fiscal\u00edas investigan la trama del supuesto aborto practicado en el centro m\u00e9dico Santa Mar\u00eda de Villa Ballester. La historia hasta ahora.<\/p>\n\n\n\n<p>El<em><strong>espeluznante hallazgo de ocho fetos en bolsas de residuos pat\u00f3genos<\/strong><\/em>\u00a0ocurrido este \u00faltimo fin de semana es solo una parte de un drama mucho m\u00e1s complejo.\u00a0<strong>Hay dos pr\u00f3fugos en el caso<\/strong>, buscadospor violar a la menor protagonista de esta historia.Tambi\u00e9n,\u00a0<strong>un familiar que habl\u00f3, que hizo la denuncia\u00a0<\/strong>y rompi\u00f3 el silencio. Hoy, todas las piezas de la historia se conectan.<\/p>\n\n\n\n<p>La Justicia y la Polic\u00eda Bonaerense<strong>\u00a0llegaron a la cl\u00ednica Santa Rosa de Villa Ballester el s\u00e1bado pasado\u00a0<\/strong>en busca de la menor de 12 a\u00f1os embarazada de ocho meses a la que se le practic\u00f3 un supuesto aborto en el lugar porque, b\u00e1sicamente,\u00a0<strong>la prueba se escapaba<\/strong>. Un<strong>\u00a0exhorto de la Justicia santiague\u00f1a<\/strong>\u00a0hab\u00eda llegado horas antes al despacho del juez Nicol\u00e1s Schiavo, con jurisdicci\u00f3n en San Mart\u00edn para allanar el lugar.<\/p>\n\n\n\n<p>Seg\u00fan la historia cl\u00ednica de la Santa Mar\u00eda,<strong>\u00a0el aborto fue practicado<\/strong>\u00a0el viernes \u00faltimo. Sin embargo,\u00a0<strong>el juez federal Juan Manuel Culotta<\/strong>, que inici\u00f3 una causa por trata de personas, sospecha la chance de que, dado el estado avanzado del embarazo,\u00a0<strong>el chico haya nacido vivo<\/strong>, para ser entregado.<\/p>\n\n\n\n<p>Ahora, se deber\u00e1n realizar pericias de ADN para determinar si los fetos hallados corresponden o no con el embarazo que gest\u00f3 la menor. Tambi\u00e9n,<strong>\u00a0si corresponden con los genes de su abusador<\/strong>, si es que lo atrapan.<\/p>\n\n\n\n<p>La menor y su madre, una pensionada de 48 a\u00f1os, son oriundas de\u00a0<strong>Monte Quemado, Santiago del Estero<\/strong>, una peque\u00f1a ciudad en el l\u00edmite con Chaco, de apenas 13 mil habitantes. All\u00ed, seg\u00fan confirmaron fuentes del caso a este medio,\u00a0<strong>un familiar de la menor denunci\u00f3 en febrero \u00faltimo el abuso que sufri\u00f3\u00a0<\/strong>y el embarazo avanzado que atravesaba, lo que motoriz\u00f3\u00a0<strong>una causa a cargo del fiscal Santiago Bridoux<\/strong>.<\/p>\n\n\n\n<p>La menor y su madre, una pensionada de 48 a\u00f1os, son oriundas de\u00a0<strong>Monte Quemado, Santiago del Estero<\/strong>, una peque\u00f1a ciudad en el l\u00edmite con Chaco, de apenas 13 mil habitantes. All\u00ed, seg\u00fan confirmaron fuentes del caso a este medio,\u00a0<strong>un familiar de la menor denunci\u00f3 en febrero \u00faltimo el abuso que sufri\u00f3\u00a0<\/strong>y el embarazo avanzado que atravesaba, lo que motoriz\u00f3\u00a0<strong>una causa a cargo del fiscal Santiago Bridoux<\/strong>.<\/p>\n\n\n\n<p>Poco despu\u00e9s,<strong>\u00a0los relatos en el expediente llevaron a identificar a los dos sospechosos<\/strong>, que hoy se encuentran pr\u00f3fugos con pedido de captura. En el medio, la Fiscal\u00eda de Monte Quemado\u00a0<strong>mantuvo comunicaci\u00f3n con el Centro Integral de Salud de La Banda<\/strong>, a 325 kil\u00f3metros de Monte Quemado. All\u00ed, supieron que se practicar\u00eda un aborto. Asegurar una muestra de ADN del feto era crucial para imputar a un acusado. Tambi\u00e9n, se barajaba en el expediente la posibilidad de\u00a0<strong>un tercer implicado\u00a0<\/strong>en el caso.<\/p>\n\n\n\n<p>Sin embargo, el martes 21 de este mes, todo cambi\u00f3: el fiscal Bridoux supo que el aborto<strong>\u00a0se realizar\u00eda fuera de la provincia<\/strong>.La alarma fue inmediata:\u00a0<strong>la prueba que resolv\u00eda o romp\u00eda al expediente estaba en riesgo<\/strong>.<\/p>\n\n\n\n<p>As\u00ed, el Ministerio P\u00fablico Fiscal santiague\u00f1o lleg\u00f3 al dato que este medio adelant\u00f3 el s\u00e1bado: que el aborto se practicar\u00eda con el apoyo de una ONG porte\u00f1a,<em><strong>una \u201cfundaci\u00f3n\u201d de Palermo dedicada, seg\u00fan su sitio web<\/strong>,\u00a0<strong>a la salud reproductiva<\/strong>,<\/em>\u00a0que costear\u00eda los pasajes de la menor y su madre.<\/p>\n\n\n\n<p>Los fiscales, incluso, se comunicaron con una representante de esta ONG. La mujer, seg\u00fan una alta fuente del caso,&nbsp;<strong>se mostr\u00f3 \u201creticente\u201d&nbsp;<\/strong>a dar informaci\u00f3n. As\u00ed, comenz\u00f3 un protocolo para hallar a la menor embarazada: la investigaci\u00f3n, de inmediato, apunt\u00f3 a la cl\u00ednica Santa Mar\u00eda. Los fetos fueron un hallazgo colateral; se interrumpieron tres embarazos en el lugar el viernes pasado. La madre de la menor fue hallada tambi\u00e9n. Ante funcionarios,<strong>&nbsp;asegur\u00f3 que no sab\u00eda si el beb\u00e9 que su hija gestaba hab\u00eda nacido vivo&nbsp;<\/strong>o no.<\/p>\n\n\n\n<p><strong>Los fiscales de Santiago del Estero, por su parte, creen que el aborto fue practicado<\/strong>. De todas formas, la causa por trata contin\u00faa en la Justicia federal. Las pericias a los fetos hallados ser\u00e1n la clave para despejar cualquier duda. Por otra parte, la Justicia de instrucci\u00f3n de San Mart\u00edn inici\u00f3 una investigaci\u00f3n a la cl\u00ednica, a cargo de la UFI N\u00b0 7 de la zona, para determinar si esos abortos fueron practicados fuera de la ley.<\/p>\n","protected":false},"excerpt":{"rendered":"<p>Un juzgado federal y dos fiscal\u00edas investigan la trama del supuesto aborto practicado en el centro m\u00e9dico Santa Mar\u00eda de Villa Ballester. La historia hasta ahora. Elespeluznante hallazgo de ocho fetos en bolsas de residuos pat\u00f3genos\u00a0ocurrido este \u00faltimo fin de semana es solo una parte de un drama mucho m\u00e1s complejo.\u00a0Hay dos pr\u00f3fugos en el [&hellip;]<\/p>\n","protected":false},"author":7,"featured_media":20429,"comment_status":"open","ping_status":"open","sticky":false,"template":"","format":"standard","meta":{"_themeisle_gutenberg_block_has_review":false,"footnotes":""},"categories":[2877],"tags":[],"class_list":["post-20428","post","type-post","status-publish","format-standard","has-post-thumbnail","hentry","category-crimen-y-justicia"],"_links":{"self":[{"href":"https:\/\/horapicodigital.com.ar\/index.php\/wp-json\/wp\/v2\/posts\/20428","targetHints":{"allow":["GET"]}}],"collection":[{"href":"https:\/\/horapicodigital.com.ar\/index.php\/wp-json\/wp\/v2\/posts"}],"about":[{"href":"https:\/\/horapicodigital.com.ar\/index.php\/wp-json\/wp\/v2\/types\/post"}],"author":[{"embeddable":true,"href":"https:\/\/horapicodigital.com.ar\/index.php\/wp-json\/wp\/v2\/users\/7"}],"replies":[{"embeddable":true,"href":"https:\/\/horapicodigital.com.ar\/index.php\/wp-json\/wp\/v2\/comments?post=20428"}],"version-history":[{"count":1,"href":"https:\/\/horapicodigital.com.ar\/index.php\/wp-json\/wp\/v2\/posts\/20428\/revisions"}],"predecessor-version":[{"id":20430,"href":"https:\/\/horapicodigital.com.ar\/index.php\/wp-json\/wp\/v2\/posts\/20428\/revisions\/20430"}],"wp:featuredmedia":[{"embeddable":true,"href":"https:\/\/horapicodigital.com.ar\/index.php\/wp-json\/wp\/v2\/media\/20429"}],"wp:attachment":[{"href":"https:\/\/horapicodigital.com.ar\/index.php\/wp-json\/wp\/v2\/media?parent=20428"}],"wp:term":[{"taxonomy":"category","embeddable":true,"href":"https:\/\/horapicodigital.com.ar\/index.php\/wp-json\/wp\/v2\/categories?post=20428"},{"taxonomy":"post_tag","embeddable":true,"href":"https:\/\/horapicodigital.com.ar\/index.php\/wp-json\/wp\/v2\/tags?post=20428"}],"curies":[{"name":"wp","href":"https:\/\/api.w.org\/{rel}","templated":true}]}}