{"id":20402,"date":"2026-04-27T00:51:09","date_gmt":"2026-04-27T03:51:09","guid":{"rendered":"https:\/\/horapicodigital.com.ar\/?p=20402"},"modified":"2026-04-27T00:51:10","modified_gmt":"2026-04-27T03:51:10","slug":"convocan-a-familias-de-acogimiento-en-jujuy-hay-44-ninos-y-adolescentes-que-esperan-un-hogar-transitorio","status":"publish","type":"post","link":"https:\/\/horapicodigital.com.ar\/index.php\/2026\/04\/27\/convocan-a-familias-de-acogimiento-en-jujuy-hay-44-ninos-y-adolescentes-que-esperan-un-hogar-transitorio\/","title":{"rendered":"Convocan a familias de acogimiento en Jujuy: hay 44 ni\u00f1os y adolescentes que esperan un hogar transitorio"},"content":{"rendered":"\n<p>Desde la Secretar\u00eda de Ni\u00f1ez, Adolescencia y Familia advirtieron sobre el crecimiento de situaciones de vulneraci\u00f3n de derechos, muchas vinculadas al consumo problem\u00e1tico. Buscan ampliar el registro de familias solidarias.<\/p>\n\n\n\n<p><a href=\"https:\/\/www.somosjujuy.com.ar\/jujuy\/convocan-familias-acogimiento-jujuy-hay-44-ninos-adolescentes-esperan-hogar-transitorio-n117098#\"><br><\/a><a href=\"https:\/\/www.somosjujuy.com.ar\/jujuy\/convocan-familias-acogimiento-jujuy-hay-44-ninos-adolescentes-esperan-hogar-transitorio-n117098#\"><\/a><a href=\"https:\/\/www.somosjujuy.com.ar\/jujuy\/convocan-familias-acogimiento-jujuy-hay-44-ninos-adolescentes-esperan-hogar-transitorio-n117098#\"><\/a><a href=\"https:\/\/www.somosjujuy.com.ar\/jujuy\/convocan-familias-acogimiento-jujuy-hay-44-ninos-adolescentes-esperan-hogar-transitorio-n117098#\"><\/a><\/p>\n\n\n\n<p>La Secretar\u00eda de Ni\u00f1ez, Adolescencia y Familia de Jujuy lanz\u00f3 una&nbsp;<strong>nueva convocatoria para sumar familias de acogimiento<\/strong>, ante la creciente demanda de ni\u00f1os y adolescentes que necesitan un entorno familiar de manera transitoria.<\/p>\n\n\n\n<p>El<strong>&nbsp;director provincial de Dispositivos de Cuidado, Hugo Vacaflor<\/strong>, explic\u00f3 que el programa tiene como objetivo garantizar derechos de ni\u00f1os, ni\u00f1as y adolescentes que deben ser separados de su familia de origen por situaciones de vulnerabilidad.<\/p>\n\n\n\n<p>\u201cEste programa busca que los chicos puedan vivir en un entorno familiar mientras se trabaja en la restituci\u00f3n de sus derechos y en la posibilidad de que puedan volver con su familia\u201d, se\u00f1al\u00f3.<\/p>\n\n\n\n<p>En ese sentido, remarc\u00f3 que se trata de una medida excepcional.&nbsp;<strong>\u201cNo es la regla, es el \u00faltimo recurso cuando ya no se puede sostener la permanencia del ni\u00f1o en su grupo familiar\u201d,<\/strong>&nbsp;explic\u00f3.<\/p>\n\n\n\n<p>Actualmente,&nbsp;<strong>la provincia cuenta con una importante demanda: 17 ni\u00f1os y 27 adolescentes se encuentran a la espera de ser acogidos, lo que evidencia la necesidad de ampliar el n\u00famero de familias disponibles.<\/strong><\/p>\n\n\n\n<p><strong>\u201cHoy tenemos un registro muy escaso. Contamos con apenas cinco familias de acogimiento, de las cuales solo dos est\u00e1n actualmente al cuidado de ni\u00f1os\u201d<\/strong>, detall\u00f3 el funcionario.<\/p>\n\n\n\n<p>Vacaflor tambi\u00e9n advirti\u00f3 sobre las principales problem\u00e1ticas que derivan en estas situaciones.&nbsp;<strong>\u201cEstamos viendo muchos casos vinculados a la violencia y, sobre todo, al consumo problem\u00e1tico, que est\u00e1 afectando incluso a edades muy tempranas\u201d<\/strong>, indic\u00f3.<\/p>\n\n\n\n<p>Seg\u00fan explic\u00f3, estas situaciones suelen ir acompa\u00f1adas de roles parentales debilitados y dificultades para garantizar derechos b\u00e1sicos.&nbsp;<strong>\u201cSon contextos complejos donde muchas veces no se logra sostener el cuidado adecuado\u201d<\/strong>, afirm\u00f3.<\/p>\n\n\n\n<p>El funcionario insisti\u00f3 en que&nbsp;<strong>el acogimiento es temporal y no implica adopci\u00f3n<\/strong>. \u201cEs fundamental entender que se trata de un cuidado transitorio, con acompa\u00f1amiento de equipos profesionales, siempre priorizando el inter\u00e9s superior del ni\u00f1o\u201d, subray\u00f3.<\/p>\n\n\n\n<p>Entre los requisitos para postularse, se encuentran tener entre 25 y 65 a\u00f1os, no contar con antecedentes por violencia y no estar inscripto en el registro de adoptantes.<\/p>\n\n\n\n<p>Finalmente, Vacaflor destac\u00f3 la importancia de la participaci\u00f3n de la comunidad. \u201cEl cuidado en una familia es muy distinto al de un dispositivo institucional. Por eso es clave que m\u00e1s personas se sumen y puedan brindar este acompa\u00f1amiento\u201d, concluy\u00f3.<\/p>\n\n\n\n<p>Los interesados pueden comunicarse al&nbsp;<strong>388 4563613<\/strong>&nbsp;o por correo a&nbsp;<strong>familiasdeacogida@jujuy.gob.ar.<\/strong><\/p>\n","protected":false},"excerpt":{"rendered":"<p>Desde la Secretar\u00eda de Ni\u00f1ez, Adolescencia y Familia advirtieron sobre el crecimiento de situaciones de vulneraci\u00f3n de derechos, muchas vinculadas al consumo problem\u00e1tico. Buscan ampliar el registro de familias solidarias. La Secretar\u00eda de Ni\u00f1ez, Adolescencia y Familia de Jujuy lanz\u00f3 una&nbsp;nueva convocatoria para sumar familias de acogimiento, ante la creciente demanda de ni\u00f1os y adolescentes [&hellip;]<\/p>\n","protected":false},"author":7,"featured_media":20403,"comment_status":"open","ping_status":"open","sticky":false,"template":"","format":"standard","meta":{"_themeisle_gutenberg_block_has_review":false,"footnotes":""},"categories":[118],"tags":[58],"class_list":["post-20402","post","type-post","status-publish","format-standard","has-post-thumbnail","hentry","category-sociedad","tag-jujuy"],"_links":{"self":[{"href":"https:\/\/horapicodigital.com.ar\/index.php\/wp-json\/wp\/v2\/posts\/20402","targetHints":{"allow":["GET"]}}],"collection":[{"href":"https:\/\/horapicodigital.com.ar\/index.php\/wp-json\/wp\/v2\/posts"}],"about":[{"href":"https:\/\/horapicodigital.com.ar\/index.php\/wp-json\/wp\/v2\/types\/post"}],"author":[{"embeddable":true,"href":"https:\/\/horapicodigital.com.ar\/index.php\/wp-json\/wp\/v2\/users\/7"}],"replies":[{"embeddable":true,"href":"https:\/\/horapicodigital.com.ar\/index.php\/wp-json\/wp\/v2\/comments?post=20402"}],"version-history":[{"count":1,"href":"https:\/\/horapicodigital.com.ar\/index.php\/wp-json\/wp\/v2\/posts\/20402\/revisions"}],"predecessor-version":[{"id":20404,"href":"https:\/\/horapicodigital.com.ar\/index.php\/wp-json\/wp\/v2\/posts\/20402\/revisions\/20404"}],"wp:featuredmedia":[{"embeddable":true,"href":"https:\/\/horapicodigital.com.ar\/index.php\/wp-json\/wp\/v2\/media\/20403"}],"wp:attachment":[{"href":"https:\/\/horapicodigital.com.ar\/index.php\/wp-json\/wp\/v2\/media?parent=20402"}],"wp:term":[{"taxonomy":"category","embeddable":true,"href":"https:\/\/horapicodigital.com.ar\/index.php\/wp-json\/wp\/v2\/categories?post=20402"},{"taxonomy":"post_tag","embeddable":true,"href":"https:\/\/horapicodigital.com.ar\/index.php\/wp-json\/wp\/v2\/tags?post=20402"}],"curies":[{"name":"wp","href":"https:\/\/api.w.org\/{rel}","templated":true}]}}