{"id":20399,"date":"2026-04-26T01:07:29","date_gmt":"2026-04-26T04:07:29","guid":{"rendered":"https:\/\/horapicodigital.com.ar\/?p=20399"},"modified":"2026-04-26T01:07:30","modified_gmt":"2026-04-26T04:07:30","slug":"alumnos-del-bachillerato-n-2-presentaran-sus-relatos-en-la-feria-internacional-del-libro","status":"publish","type":"post","link":"https:\/\/horapicodigital.com.ar\/index.php\/2026\/04\/26\/alumnos-del-bachillerato-n-2-presentaran-sus-relatos-en-la-feria-internacional-del-libro\/","title":{"rendered":"Alumnos del Bachillerato N\u00b0 2 presentar\u00e1n sus relatos en la Feria Internacional del Libro"},"content":{"rendered":"\n<p>Se trata de la segunda edici\u00f3n del libro \u00abHistorias que dan miedo\u00bb.<\/p>\n\n\n\n<p>El<strong>&nbsp;gobernador Carlos Sadir recibi\u00f3 a estudiantes del Bachillerato Provincial N\u00b0 2 que participar\u00e1n en la Feria Internacional del Libro de Buenos Aires<\/strong>&nbsp;con la segunda edici\u00f3n de \u00abHistorias que dan miedo\u00bb. Acompa\u00f1aron el encuentro las ministras de Educaci\u00f3n, Daniela Teseira, y de Desarrollo Humano, Marta Russo Arriola. Adem\u00e1s de la directora de la instituci\u00f3n, Marta Cruz; funcionarios del \u00e1rea educativa; docentes y alumnos.<\/p>\n\n\n\n<p>Durante la visita, que se concret\u00f3 en la Casa de Gobierno, el primer mandatario se interioriz\u00f3 del proyecto literario que lleva adelante la comunidad educativa y escuch\u00f3 las vivencias de los chicos tras participar en esta segunda edici\u00f3n.<\/p>\n\n\n\n<p>Sadir felicit\u00f3 al grupo de estudiantes por animarse a volcar sus experiencias a trav\u00e9s de la escritura. Continuando, motiv\u00f3 a los j\u00f3venes a seguir este camino de aprendizaje que deja huellas imborrables en la etapa del secundario.<\/p>\n\n\n\n<p>Finalmente, Sadir bautiz\u00f3 al grupo de estudiantes como embajadores de Jujuy por difundir relatos basados en experiencias personales que inspiran ejemplo de resiliencia y perseverancia.<\/p>\n\n\n\n<h2 class=\"wp-block-heading\"><strong>Apoyo gubernamental a j\u00f3venes escritores<\/strong><\/h2>\n\n\n\n<p>Por su parte, la ministra de<strong>&nbsp;Educaci\u00f3n&nbsp;<\/strong>se\u00f1al\u00f3 que la delegaci\u00f3n est\u00e1 integrada por<strong>&nbsp;10 estudiantes y 3 docentes<\/strong>&nbsp;que viajan a la 50\u00b0 de la Feria Internacional del Libro en Buenos Aires.<\/p>\n\n\n\n<p>\u201cEl ministerio de<strong>&nbsp;Desarrollo Humano<\/strong>&nbsp;colabor\u00f3 con el transporte y la comida, mientras que desde el ministerio de Educaci\u00f3n se cubre la estad\u00eda de 4 noches para las 13 personas\u201d, indic\u00f3.<\/p>\n\n\n\n<p>A su vez, Teseira mencion\u00f3 que la iniciativa surge de un Programa de Alfabetizaci\u00f3n del Ministerio y que permite que los chicos puedan sumar una segunda edici\u00f3n de su libro.<\/p>\n\n\n\n<p>\u201cA esta propuesta queremos llevarla a nivel provincial, como parte de una de pol\u00edtica de educaci\u00f3n con car\u00e1cter, donde debemos replicar estos espacios de escucha y creaci\u00f3n para mejorar la vida de nuestros estudiantes\u201d, sostuvo.<\/p>\n\n\n\n<p>Finalmente mencion\u00f3 que los j\u00f3venes son un gran ejemplo para los adultos ya que demuestran que a trav\u00e9s de las palabras se puede construir y ser mejores personas.<\/p>\n","protected":false},"excerpt":{"rendered":"<p>Se trata de la segunda edici\u00f3n del libro \u00abHistorias que dan miedo\u00bb. El&nbsp;gobernador Carlos Sadir recibi\u00f3 a estudiantes del Bachillerato Provincial N\u00b0 2 que participar\u00e1n en la Feria Internacional del Libro de Buenos Aires&nbsp;con la segunda edici\u00f3n de \u00abHistorias que dan miedo\u00bb. Acompa\u00f1aron el encuentro las ministras de Educaci\u00f3n, Daniela Teseira, y de Desarrollo Humano, [&hellip;]<\/p>\n","protected":false},"author":7,"featured_media":20400,"comment_status":"open","ping_status":"open","sticky":false,"template":"","format":"standard","meta":{"_themeisle_gutenberg_block_has_review":false,"footnotes":""},"categories":[248],"tags":[58],"class_list":["post-20399","post","type-post","status-publish","format-standard","has-post-thumbnail","hentry","category-educacion","tag-jujuy"],"_links":{"self":[{"href":"https:\/\/horapicodigital.com.ar\/index.php\/wp-json\/wp\/v2\/posts\/20399","targetHints":{"allow":["GET"]}}],"collection":[{"href":"https:\/\/horapicodigital.com.ar\/index.php\/wp-json\/wp\/v2\/posts"}],"about":[{"href":"https:\/\/horapicodigital.com.ar\/index.php\/wp-json\/wp\/v2\/types\/post"}],"author":[{"embeddable":true,"href":"https:\/\/horapicodigital.com.ar\/index.php\/wp-json\/wp\/v2\/users\/7"}],"replies":[{"embeddable":true,"href":"https:\/\/horapicodigital.com.ar\/index.php\/wp-json\/wp\/v2\/comments?post=20399"}],"version-history":[{"count":1,"href":"https:\/\/horapicodigital.com.ar\/index.php\/wp-json\/wp\/v2\/posts\/20399\/revisions"}],"predecessor-version":[{"id":20401,"href":"https:\/\/horapicodigital.com.ar\/index.php\/wp-json\/wp\/v2\/posts\/20399\/revisions\/20401"}],"wp:featuredmedia":[{"embeddable":true,"href":"https:\/\/horapicodigital.com.ar\/index.php\/wp-json\/wp\/v2\/media\/20400"}],"wp:attachment":[{"href":"https:\/\/horapicodigital.com.ar\/index.php\/wp-json\/wp\/v2\/media?parent=20399"}],"wp:term":[{"taxonomy":"category","embeddable":true,"href":"https:\/\/horapicodigital.com.ar\/index.php\/wp-json\/wp\/v2\/categories?post=20399"},{"taxonomy":"post_tag","embeddable":true,"href":"https:\/\/horapicodigital.com.ar\/index.php\/wp-json\/wp\/v2\/tags?post=20399"}],"curies":[{"name":"wp","href":"https:\/\/api.w.org\/{rel}","templated":true}]}}