{"id":20395,"date":"2026-04-26T01:06:27","date_gmt":"2026-04-26T04:06:27","guid":{"rendered":"https:\/\/horapicodigital.com.ar\/?p=20395"},"modified":"2026-04-26T01:08:51","modified_gmt":"2026-04-26T04:08:51","slug":"ejesa-realizara-cortes-programados-de-energia-este-domingo-en-sectores-de-san-salvador-y-san-pedro","status":"publish","type":"post","link":"https:\/\/horapicodigital.com.ar\/index.php\/2026\/04\/26\/ejesa-realizara-cortes-programados-de-energia-este-domingo-en-sectores-de-san-salvador-y-san-pedro\/","title":{"rendered":"Ejesa realizar\u00e1 cortes programados de energ\u00eda este domingo en sectores de San Salvador y San Pedro"},"content":{"rendered":"\n<p>EJESA inform\u00f3 que se interrumpir\u00e1 el servicio en algunos sectores de San Salvador y San Pedro de Jujuy para realizar tareas de mantenimiento.<\/p>\n\n\n\n<p><strong>La empresa EJESA anunci\u00f3 cortes programados del suministro el\u00e9ctrico en sectores de San Salvador y San Pedro<\/strong>, previstos para este domingo 26 de abril.<\/p>\n\n\n\n<p><strong>En San Salvador, la interrupci\u00f3n se llevar\u00e1 a cabo entre las 08:00 y las 14:00&nbsp;<\/strong>horas aproximadamente en: barrio Los Perales y barrio Chijra (entre Las Delicias y Pemberton, Los Nardos, El Ca\u00f1averal, El Amor, L . Servi, Armanini, Los Helechos, avenida Las Vicu\u00f1as, R\u00edo Grande) y zonas aleda\u00f1as.<\/p>\n\n\n<div class=\"wp-block-image\">\n<figure class=\"aligncenter size-full\"><img loading=\"lazy\" decoding=\"async\" width=\"557\" height=\"710\" src=\"https:\/\/horapicodigital.com.ar\/wp-content\/uploads\/2026\/04\/Screenshot-2026-04-26-010505.png\" alt=\"\" class=\"wp-image-20396\" srcset=\"https:\/\/horapicodigital.com.ar\/wp-content\/uploads\/2026\/04\/Screenshot-2026-04-26-010505.png 557w, https:\/\/horapicodigital.com.ar\/wp-content\/uploads\/2026\/04\/Screenshot-2026-04-26-010505-235x300.png 235w\" sizes=\"auto, (max-width: 557px) 100vw, 557px\" \/><\/figure>\n<\/div>\n\n\n<p><strong>En San Pedro, la interrupci\u00f3n se llevar\u00e1 a cabo entre las 08:30 y las 14:00\u00a0<\/strong>horas aproximadamente en: Planta de Agua Potable, La Urbana y zonas aleda\u00f1as.<\/p>\n\n\n<div class=\"wp-block-image\">\n<figure class=\"aligncenter size-full\"><img loading=\"lazy\" decoding=\"async\" width=\"564\" height=\"709\" src=\"https:\/\/horapicodigital.com.ar\/wp-content\/uploads\/2026\/04\/Screenshot-2026-04-26-010530.png\" alt=\"\" class=\"wp-image-20397\" srcset=\"https:\/\/horapicodigital.com.ar\/wp-content\/uploads\/2026\/04\/Screenshot-2026-04-26-010530.png 564w, https:\/\/horapicodigital.com.ar\/wp-content\/uploads\/2026\/04\/Screenshot-2026-04-26-010530-239x300.png 239w\" sizes=\"auto, (max-width: 564px) 100vw, 564px\" \/><\/figure>\n<\/div>\n\n\n<p>Desde la empresa de energ\u00eda el\u00e9ctrica indicaron que el suministro se restablecer\u00e1 autom\u00e1ticamente una vez finalizadas las tareas.<\/p>\n\n\n\n<p>Ejesa recomienda desenfuchar los artefactos que no sean de primera necesidad para evitar inconvenientes.<\/p>\n\n\n\n<p>\u00abEstas mejoras forman parte del plan de inversi\u00f3n y mantenimiento para optimizar la calidad del servicio el\u00e9ctrico\u00bb, destacaron desde la empresa.<\/p>\n","protected":false},"excerpt":{"rendered":"<p>EJESA inform\u00f3 que se interrumpir\u00e1 el servicio en algunos sectores de San Salvador y San Pedro de Jujuy para realizar tareas de mantenimiento. La empresa EJESA anunci\u00f3 cortes programados del suministro el\u00e9ctrico en sectores de San Salvador y San Pedro, previstos para este domingo 26 de abril. En San Salvador, la interrupci\u00f3n se llevar\u00e1 a [&hellip;]<\/p>\n","protected":false},"author":7,"featured_media":19844,"comment_status":"open","ping_status":"open","sticky":false,"template":"","format":"standard","meta":{"_themeisle_gutenberg_block_has_review":false,"footnotes":""},"categories":[2854],"tags":[58],"class_list":["post-20395","post","type-post","status-publish","format-standard","has-post-thumbnail","hentry","category-seguridad","tag-jujuy"],"_links":{"self":[{"href":"https:\/\/horapicodigital.com.ar\/index.php\/wp-json\/wp\/v2\/posts\/20395","targetHints":{"allow":["GET"]}}],"collection":[{"href":"https:\/\/horapicodigital.com.ar\/index.php\/wp-json\/wp\/v2\/posts"}],"about":[{"href":"https:\/\/horapicodigital.com.ar\/index.php\/wp-json\/wp\/v2\/types\/post"}],"author":[{"embeddable":true,"href":"https:\/\/horapicodigital.com.ar\/index.php\/wp-json\/wp\/v2\/users\/7"}],"replies":[{"embeddable":true,"href":"https:\/\/horapicodigital.com.ar\/index.php\/wp-json\/wp\/v2\/comments?post=20395"}],"version-history":[{"count":1,"href":"https:\/\/horapicodigital.com.ar\/index.php\/wp-json\/wp\/v2\/posts\/20395\/revisions"}],"predecessor-version":[{"id":20398,"href":"https:\/\/horapicodigital.com.ar\/index.php\/wp-json\/wp\/v2\/posts\/20395\/revisions\/20398"}],"wp:featuredmedia":[{"embeddable":true,"href":"https:\/\/horapicodigital.com.ar\/index.php\/wp-json\/wp\/v2\/media\/19844"}],"wp:attachment":[{"href":"https:\/\/horapicodigital.com.ar\/index.php\/wp-json\/wp\/v2\/media?parent=20395"}],"wp:term":[{"taxonomy":"category","embeddable":true,"href":"https:\/\/horapicodigital.com.ar\/index.php\/wp-json\/wp\/v2\/categories?post=20395"},{"taxonomy":"post_tag","embeddable":true,"href":"https:\/\/horapicodigital.com.ar\/index.php\/wp-json\/wp\/v2\/tags?post=20395"}],"curies":[{"name":"wp","href":"https:\/\/api.w.org\/{rel}","templated":true}]}}