{"id":20391,"date":"2026-04-26T01:04:02","date_gmt":"2026-04-26T04:04:02","guid":{"rendered":"https:\/\/horapicodigital.com.ar\/?p=20391"},"modified":"2026-04-26T01:04:03","modified_gmt":"2026-04-26T04:04:03","slug":"ultima-semana-de-misas-por-la-virgen-de-copacabana-de-punta-corral-en-tumbaya","status":"publish","type":"post","link":"https:\/\/horapicodigital.com.ar\/index.php\/2026\/04\/26\/ultima-semana-de-misas-por-la-virgen-de-copacabana-de-punta-corral-en-tumbaya\/","title":{"rendered":"\u00daltima semana de misas por la Virgen de Copacabana de Punta Corral en Tumbaya"},"content":{"rendered":"\n<p>La \u00abMamita del cerro\u00bb har\u00e1 el respectivo ascenso el pr\u00f3ximo s\u00e1bado 2 de mayo, donde se espera un gran marco de devotos.<\/p>\n\n\n\n<p>La devoci\u00f3n por la&nbsp;<strong>Virgen de Copacabana de Punta Corral&nbsp;<\/strong>entra en su etapa final con una intensa agenda de celebraciones en Tumbaya, donde cientos de peregrinos contin\u00faan acerc\u00e1ndose para participar de las actividades religiosas.<\/p>\n\n\n\n<p>Durante esta \u00faltima semana, se desarrollan misas diarias dedicadas a distintas comunidades, trabajadores, enfermos y peregrinos, en un clima de profunda fe y tradici\u00f3n. Una de las m\u00e1s destacadas ser\u00e1 la del 1 de mayo, con bendici\u00f3n de herramientas de trabajo, y las ceremonias especiales dedicadas a los medios de comunicaci\u00f3n y a las comunidades de los Valles y la Puna.<\/p>\n\n\n\n<p>El cierre tendr\u00e1 lugar el s\u00e1bado 2 de mayo, con la misa de despedida a las 06:00 y la posterior partida de la imagen hacia su santuario en Punta Corral, siendo uno de los momentos m\u00e1s emotivos de la festividad, donde se espera una multitud como la de todos los a\u00f1os. All\u00ed se celebrar\u00e1 otra misa a las 18:00.<\/p>\n\n\n<div class=\"wp-block-image\">\n<figure class=\"aligncenter size-full\"><img loading=\"lazy\" decoding=\"async\" width=\"667\" height=\"462\" src=\"https:\/\/horapicodigital.com.ar\/wp-content\/uploads\/2026\/04\/Screenshot-2026-04-26-010326-1.png\" alt=\"\" class=\"wp-image-20393\" srcset=\"https:\/\/horapicodigital.com.ar\/wp-content\/uploads\/2026\/04\/Screenshot-2026-04-26-010326-1.png 667w, https:\/\/horapicodigital.com.ar\/wp-content\/uploads\/2026\/04\/Screenshot-2026-04-26-010326-1-300x208.png 300w\" sizes=\"auto, (max-width: 667px) 100vw, 667px\" \/><\/figure>\n<\/div>","protected":false},"excerpt":{"rendered":"<p>La \u00abMamita del cerro\u00bb har\u00e1 el respectivo ascenso el pr\u00f3ximo s\u00e1bado 2 de mayo, donde se espera un gran marco de devotos. La devoci\u00f3n por la&nbsp;Virgen de Copacabana de Punta Corral&nbsp;entra en su etapa final con una intensa agenda de celebraciones en Tumbaya, donde cientos de peregrinos contin\u00faan acerc\u00e1ndose para participar de las actividades religiosas. [&hellip;]<\/p>\n","protected":false},"author":7,"featured_media":20392,"comment_status":"open","ping_status":"open","sticky":false,"template":"","format":"standard","meta":{"_themeisle_gutenberg_block_has_review":false,"footnotes":""},"categories":[81,32],"tags":[58],"class_list":["post-20391","post","type-post","status-publish","format-standard","has-post-thumbnail","hentry","category-general","category-locales","tag-jujuy"],"_links":{"self":[{"href":"https:\/\/horapicodigital.com.ar\/index.php\/wp-json\/wp\/v2\/posts\/20391","targetHints":{"allow":["GET"]}}],"collection":[{"href":"https:\/\/horapicodigital.com.ar\/index.php\/wp-json\/wp\/v2\/posts"}],"about":[{"href":"https:\/\/horapicodigital.com.ar\/index.php\/wp-json\/wp\/v2\/types\/post"}],"author":[{"embeddable":true,"href":"https:\/\/horapicodigital.com.ar\/index.php\/wp-json\/wp\/v2\/users\/7"}],"replies":[{"embeddable":true,"href":"https:\/\/horapicodigital.com.ar\/index.php\/wp-json\/wp\/v2\/comments?post=20391"}],"version-history":[{"count":1,"href":"https:\/\/horapicodigital.com.ar\/index.php\/wp-json\/wp\/v2\/posts\/20391\/revisions"}],"predecessor-version":[{"id":20394,"href":"https:\/\/horapicodigital.com.ar\/index.php\/wp-json\/wp\/v2\/posts\/20391\/revisions\/20394"}],"wp:featuredmedia":[{"embeddable":true,"href":"https:\/\/horapicodigital.com.ar\/index.php\/wp-json\/wp\/v2\/media\/20392"}],"wp:attachment":[{"href":"https:\/\/horapicodigital.com.ar\/index.php\/wp-json\/wp\/v2\/media?parent=20391"}],"wp:term":[{"taxonomy":"category","embeddable":true,"href":"https:\/\/horapicodigital.com.ar\/index.php\/wp-json\/wp\/v2\/categories?post=20391"},{"taxonomy":"post_tag","embeddable":true,"href":"https:\/\/horapicodigital.com.ar\/index.php\/wp-json\/wp\/v2\/tags?post=20391"}],"curies":[{"name":"wp","href":"https:\/\/api.w.org\/{rel}","templated":true}]}}