{"id":20370,"date":"2026-04-25T00:20:59","date_gmt":"2026-04-25T03:20:59","guid":{"rendered":"https:\/\/horapicodigital.com.ar\/?p=20370"},"modified":"2026-04-25T00:21:00","modified_gmt":"2026-04-25T03:21:00","slug":"inauguraron-en-la-quiaca-el-complejo-cultural-manka-fiesta","status":"publish","type":"post","link":"https:\/\/horapicodigital.com.ar\/index.php\/2026\/04\/25\/inauguraron-en-la-quiaca-el-complejo-cultural-manka-fiesta\/","title":{"rendered":"Inauguraron en La Quiaca el Complejo Cultural \u00abManka Fiesta\u00bb"},"content":{"rendered":"\n<p>La ciudad fronteriza habilit\u00f3 un multiespacio de vanguardia \u00fanico en la Puna. El edificio de cuatro plantas, construido \u00edntegramente con recursos locales, busca conectar la memoria ancestral con la industria creativa y el desarrollo regional.<\/p>\n\n\n\n<p>En una jornada que quedar\u00e1 grabada en la memoria de la frontera norte, la ciudad de\u00a0<strong>La Quiaca<\/strong>\u00a0celebr\u00f3 este viernes 24 de abril la inauguraci\u00f3n oficial del\u00a0<strong>Complejo Cultural \u00abManka Fiesta\u00bb<\/strong>. El evento, calificado como un hito hist\u00f3rico para la regi\u00f3n, cont\u00f3 con la presencia del gobernador de Jujuy,\u00a0<strong>Carlos Sadir<\/strong>, y la visita especial del gobernador de La Rioja,\u00a0<strong>Ricardo Quintela<\/strong>, quienes acompa\u00f1aron al intendente anfitri\u00f3n,\u00a0<strong>Dante Vel\u00e1zquez<\/strong>.<\/p>\n\n\n\n<h3 class=\"wp-block-heading\"><strong>Un acto cargado de simbolismo y participaci\u00f3n ciudadana<\/strong><\/h3>\n\n\n\n<p>La celebraci\u00f3n comenz\u00f3 temprano en la Plaza Centenario con el izamiento de la bandera nacional en el m\u00e1stil m\u00e1s alto del pa\u00eds. Posteriormente, una nutrida comitiva de autoridades y&nbsp;<strong>vecinos de La Quiaca<\/strong>&nbsp;recorrieron puntos clave de la ciudad, descubriendo placas en antiguos cines locales para rescatar la memoria colectiva.<\/p>\n\n\n\n<p>Durante el acto central, los ciudadanos se volcaron masivamente a conocer las nuevas instalaciones. El intendente Vel\u00e1zquez destac\u00f3 que la obra fue realizada&nbsp;<strong>\u00edntegramente con fondos municipales<\/strong>&nbsp;y gracias al esfuerzo de los empleados locales, a quienes defini\u00f3 como \u00abh\u00e9roes y hero\u00ednas\u00bb por su compromiso en tiempos de crisis. En el marco del evento, tambi\u00e9n se entreg\u00f3&nbsp;<strong>nueva maquinaria pesada<\/strong>, herramientas y luminarias para fortalecer los servicios p\u00fablicos de la ciudad.<\/p>\n\n\n\n<h3 class=\"wp-block-heading\"><strong>Un complejo de vanguardia para la Puna<\/strong><\/h3>\n\n\n\n<p>El&nbsp;<strong>Complejo Cultural \u00abManka Fiesta\u00bb<\/strong>, cuyo nombre rinde homenaje a la ancestral \u00abFiesta de las Ollas\u00bb (Patrimonio Cultural Vivo), es una imponente estructura de&nbsp;<strong>cuatro plantas<\/strong>&nbsp;y m\u00e1s de&nbsp;<strong>mil metros cuadrados<\/strong>&nbsp;dise\u00f1ada como un multiespacio vers\u00e1til.<\/p>\n\n\n\n<p>Sus instalaciones incluyen:<\/p>\n\n\n\n<ul class=\"wp-block-list\">\n<li><strong>Planta Baja y Anfiteatro:<\/strong>\u00a0un moderno espacio para cine, teatro y espect\u00e1culos comunitarios con tecnolog\u00eda de \u00faltima generaci\u00f3n<\/li>\n\n\n\n<li><strong>Segunda Planta:<\/strong>\u00a0cuenta con una amplia confiter\u00eda y espacios destinados a la producci\u00f3n art\u00edstica<\/li>\n\n\n\n<li><strong>Tercera Planta:<\/strong>\u00a0alberga salas de exposiciones, museos, talleres y un sector dedicado a la ciencia y la tecnolog\u00eda en conjunto con la universidad. Tambi\u00e9n incluye una\u00a0<strong>sala de streaming y prensa<\/strong><\/li>\n\n\n\n<li><strong>Cuarta Planta:<\/strong>\u00a0coronada por una plataforma astron\u00f3mica, este nivel cuenta adem\u00e1s con un sector de cocina regional equipado con hornos de barro para la formaci\u00f3n profesional<\/li>\n<\/ul>\n\n\n\n<h3 class=\"wp-block-heading\"><strong>Progreso y conectividad<\/strong><\/h3>\n\n\n\n<p>La jornada no solo se limit\u00f3 al \u00e1mbito cultural. Previo a la inauguraci\u00f3n del complejo, se habilit\u00f3 la pavimentaci\u00f3n de la&nbsp;<strong>avenida Le\u00f3n Gieco<\/strong>, una obra estrat\u00e9gica de casi 4.000 metros cuadrados que mejora la conectividad de los sectores m\u00e1s populosos de la ciudad.<\/p>\n\n\n\n<p>Con la apertura del Manka Fiesta, La Quiaca se consolida como un polo de vanguardia en el&nbsp;<strong>Norte Grande<\/strong>, apostando a que la cultura, la identidad y la memoria ancestral sean el motor de su desarrollo en el siglo XXI.<\/p>\n","protected":false},"excerpt":{"rendered":"<p>La ciudad fronteriza habilit\u00f3 un multiespacio de vanguardia \u00fanico en la Puna. El edificio de cuatro plantas, construido \u00edntegramente con recursos locales, busca conectar la memoria ancestral con la industria creativa y el desarrollo regional. En una jornada que quedar\u00e1 grabada en la memoria de la frontera norte, la ciudad de\u00a0La Quiaca\u00a0celebr\u00f3 este viernes 24 [&hellip;]<\/p>\n","protected":false},"author":7,"featured_media":20371,"comment_status":"open","ping_status":"open","sticky":false,"template":"","format":"standard","meta":{"_themeisle_gutenberg_block_has_review":false,"footnotes":""},"categories":[118],"tags":[58],"class_list":["post-20370","post","type-post","status-publish","format-standard","has-post-thumbnail","hentry","category-sociedad","tag-jujuy"],"_links":{"self":[{"href":"https:\/\/horapicodigital.com.ar\/index.php\/wp-json\/wp\/v2\/posts\/20370","targetHints":{"allow":["GET"]}}],"collection":[{"href":"https:\/\/horapicodigital.com.ar\/index.php\/wp-json\/wp\/v2\/posts"}],"about":[{"href":"https:\/\/horapicodigital.com.ar\/index.php\/wp-json\/wp\/v2\/types\/post"}],"author":[{"embeddable":true,"href":"https:\/\/horapicodigital.com.ar\/index.php\/wp-json\/wp\/v2\/users\/7"}],"replies":[{"embeddable":true,"href":"https:\/\/horapicodigital.com.ar\/index.php\/wp-json\/wp\/v2\/comments?post=20370"}],"version-history":[{"count":1,"href":"https:\/\/horapicodigital.com.ar\/index.php\/wp-json\/wp\/v2\/posts\/20370\/revisions"}],"predecessor-version":[{"id":20372,"href":"https:\/\/horapicodigital.com.ar\/index.php\/wp-json\/wp\/v2\/posts\/20370\/revisions\/20372"}],"wp:featuredmedia":[{"embeddable":true,"href":"https:\/\/horapicodigital.com.ar\/index.php\/wp-json\/wp\/v2\/media\/20371"}],"wp:attachment":[{"href":"https:\/\/horapicodigital.com.ar\/index.php\/wp-json\/wp\/v2\/media?parent=20370"}],"wp:term":[{"taxonomy":"category","embeddable":true,"href":"https:\/\/horapicodigital.com.ar\/index.php\/wp-json\/wp\/v2\/categories?post=20370"},{"taxonomy":"post_tag","embeddable":true,"href":"https:\/\/horapicodigital.com.ar\/index.php\/wp-json\/wp\/v2\/tags?post=20370"}],"curies":[{"name":"wp","href":"https:\/\/api.w.org\/{rel}","templated":true}]}}