{"id":20339,"date":"2026-04-23T23:56:23","date_gmt":"2026-04-24T02:56:23","guid":{"rendered":"https:\/\/horapicodigital.com.ar\/?p=20339"},"modified":"2026-04-23T23:56:24","modified_gmt":"2026-04-24T02:56:24","slug":"javier-milei-hablo-sobre-su-reeleccion-me-voy-a-presentar","status":"publish","type":"post","link":"https:\/\/horapicodigital.com.ar\/index.php\/2026\/04\/23\/javier-milei-hablo-sobre-su-reeleccion-me-voy-a-presentar\/","title":{"rendered":"Javier Milei habl\u00f3 sobre su reelecci\u00f3n: \u00abMe voy a presentar\u00bb"},"content":{"rendered":"\n<p><strong>Javier Milei asegur\u00f3 que se presentar\u00e1 en las elecciones del 2027<\/strong>\u00a0para lograr su reelecci\u00f3n. Tambi\u00e9n ratific\u00f3 su apoyo a Manuel Adorni.<\/p>\n\n\n\n<p><strong>Javier Milei<\/strong>\u00a0confirm\u00f3 en una entrevista en el programa Argendata del canal de YouTube Neura, que planea presentarse a la reelecci\u00f3n en 2027.\u00a0<strong>\u201cNo s\u00f3lo voy a terminar este mandato, voy a aplicar a otro, si creo que hice las cosas bien. Despu\u00e9s va a decidir la gente\u201d<\/strong>, afirm\u00f3.<\/p>\n\n\n\n<p id=\"p-1776986366051-78332\">Sobre la econom\u00eda,&nbsp;<strong>Milei asegur\u00f3 que \u201c<a href=\"https:\/\/www.todojujuy.com\/pais\/javier-milei-defendio-su-gestion-y-pidio-paciencia-la-argentina-esta-mucho-mejor-que-2023-n288490\" target=\"_blank\" rel=\"noreferrer noopener\">de ac\u00e1 para adelante la inflaci\u00f3n tendr\u00eda que empezar a ceder<\/a>\u201d<\/strong>, y detall\u00f3 que la actividad se va recuperando, al igual que el capital de trabajo se est\u00e1 reconstruyendo. \u201cSe toc\u00f3 un piso en marzo y se empieza de vuelta. El cr\u00e9dito tambi\u00e9n subi\u00f3. Se est\u00e1 reconstituyendo el capital de trabajo\u201d, explic\u00f3.<\/p>\n\n\n\n<p id=\"p-1776986366051-76217\">Sobre&nbsp;<strong>el d\u00f3lar, Milei sostuvo que la recomposici\u00f3n de reservas fue determinante<\/strong>: \u201cSi no hubi\u00e9ramos comprado 7 mil millones de d\u00f3lares de reserva, hoy el tipo de cambio ser\u00eda de 1700\u201d, y dijo que la demanda de dinero se est\u00e1 recomponiendo y que la mejora en la actividad econ\u00f3mica es notoria.<\/p>\n\n\n\n<h2 class=\"wp-block-heading\" id=\"p-1776986488842-60717\">Javier Milei y la econom\u00eda<\/h2>\n\n\n\n<p id=\"p-1776986366051-20168\"><strong>\u201cLos salarios que m\u00e1s crecieron y crecieron por esc\u00e1ndalo, son los informales.<\/strong>&nbsp;Heredamos un mercado donde la mitad de la gente estaba en situaci\u00f3n informal\u201d, puntualiz\u00f3 el mandatario nacional en la entrevista de este jueves.<\/p>\n\n\n\n<p id=\"p-1776986366051-49641\"><strong>Milei reconoci\u00f3 que la econom\u00eda experiment\u00f3 un freno en el segundo semestre del 2025<\/strong>, y dijo que Argentina fue reconocida en la \u00faltima reuni\u00f3n del FMI y el G20 como un modelo, y que los activos financieros locales mostraron el mejor desempe\u00f1o en el contexto internacional.<\/p>\n\n\n\n<p id=\"p-1776986366051-78934\">Sobre las&nbsp;<strong>Islas Malvinas<\/strong>, Milei afirm\u00f3 que sigue el reclamo.&nbsp;<strong>\u201cEstamos haciendo todo lo humanamente posible para que las Islas Argentinas vuelvan al territorio argentino<\/strong>. Pero hay que hacerlo con cerebro\u201d, expres\u00f3.<\/p>\n\n\n\n<h2 class=\"wp-block-heading\" id=\"p-1776986366051-98271\">Apoyo a Manuel Adorni<\/h2>\n\n\n\n<p id=\"p-1776986366051-39987\">Milei confirm\u00f3 que&nbsp;<strong>el pr\u00f3ximo mi\u00e9rcoles concurrir\u00e1 junto al jefe de Gabinete, Manuel Adorni, al Congreso<\/strong>&nbsp;durante la exposici\u00f3n ante los legisladores.<\/p>\n\n\n\n<p id=\"p-1776986366051-7006\"><strong>\u201cSi claro que voy a ir a acompa\u00f1ar a Manuel, voy a ir a escuchar a mi jefe de gabinete\u201d<\/strong>, asegur\u00f3. \u201cManuel dar\u00e1 las respuestas que correspondan, est\u00e1 trabajando la Justicia, se est\u00e1n cumpliendo los plazos, y estamos muy tranquilos\u201d.<\/p>\n\n\n\n<h2 class=\"wp-block-heading\" id=\"p-1776986366051-68851\">Reuni\u00f3n con Peter Thiel<\/h2>\n\n\n\n<p id=\"p-1776986366051-34045\"><strong>Sobre el encuentro que mantuvo en Casa Rosada con Peter Thiel,<\/strong>&nbsp;empresario y referente del anarco capitalismo, calific\u00f3 la reuni\u00f3n como \u201cmaravillosa\u201d. Seg\u00fan Milei, Thiel le pregunt\u00f3 c\u00f3mo planeaba sostener en el tiempo las reformas implementadas. \u201cLa pol\u00edtica es clave junto con la batalla cultural\u201d, sostuvo. Milei explic\u00f3 que \u201cel impuesto a la riqueza es una doble imposici\u00f3n. La persona ya pag\u00f3. Tiene una clara connotaci\u00f3n de envidia\u201d.<\/p>\n","protected":false},"excerpt":{"rendered":"<p>Javier Milei asegur\u00f3 que se presentar\u00e1 en las elecciones del 2027\u00a0para lograr su reelecci\u00f3n. Tambi\u00e9n ratific\u00f3 su apoyo a Manuel Adorni. Javier Milei\u00a0confirm\u00f3 en una entrevista en el programa Argendata del canal de YouTube Neura, que planea presentarse a la reelecci\u00f3n en 2027.\u00a0\u201cNo s\u00f3lo voy a terminar este mandato, voy a aplicar a otro, si [&hellip;]<\/p>\n","protected":false},"author":7,"featured_media":20340,"comment_status":"open","ping_status":"open","sticky":false,"template":"","format":"standard","meta":{"_themeisle_gutenberg_block_has_review":false,"footnotes":""},"categories":[33],"tags":[58],"class_list":["post-20339","post","type-post","status-publish","format-standard","has-post-thumbnail","hentry","category-politica","tag-jujuy"],"_links":{"self":[{"href":"https:\/\/horapicodigital.com.ar\/index.php\/wp-json\/wp\/v2\/posts\/20339","targetHints":{"allow":["GET"]}}],"collection":[{"href":"https:\/\/horapicodigital.com.ar\/index.php\/wp-json\/wp\/v2\/posts"}],"about":[{"href":"https:\/\/horapicodigital.com.ar\/index.php\/wp-json\/wp\/v2\/types\/post"}],"author":[{"embeddable":true,"href":"https:\/\/horapicodigital.com.ar\/index.php\/wp-json\/wp\/v2\/users\/7"}],"replies":[{"embeddable":true,"href":"https:\/\/horapicodigital.com.ar\/index.php\/wp-json\/wp\/v2\/comments?post=20339"}],"version-history":[{"count":1,"href":"https:\/\/horapicodigital.com.ar\/index.php\/wp-json\/wp\/v2\/posts\/20339\/revisions"}],"predecessor-version":[{"id":20341,"href":"https:\/\/horapicodigital.com.ar\/index.php\/wp-json\/wp\/v2\/posts\/20339\/revisions\/20341"}],"wp:featuredmedia":[{"embeddable":true,"href":"https:\/\/horapicodigital.com.ar\/index.php\/wp-json\/wp\/v2\/media\/20340"}],"wp:attachment":[{"href":"https:\/\/horapicodigital.com.ar\/index.php\/wp-json\/wp\/v2\/media?parent=20339"}],"wp:term":[{"taxonomy":"category","embeddable":true,"href":"https:\/\/horapicodigital.com.ar\/index.php\/wp-json\/wp\/v2\/categories?post=20339"},{"taxonomy":"post_tag","embeddable":true,"href":"https:\/\/horapicodigital.com.ar\/index.php\/wp-json\/wp\/v2\/tags?post=20339"}],"curies":[{"name":"wp","href":"https:\/\/api.w.org\/{rel}","templated":true}]}}