{"id":19859,"date":"2026-03-17T00:16:09","date_gmt":"2026-03-17T03:16:09","guid":{"rendered":"https:\/\/horapicodigital.com.ar\/?p=19859"},"modified":"2026-03-17T00:16:16","modified_gmt":"2026-03-17T03:16:16","slug":"alerta-amarilla-por-tormentas-en-jujuy-preven-lluvias-intensas-granizo-y-rafagas","status":"publish","type":"post","link":"https:\/\/horapicodigital.com.ar\/index.php\/2026\/03\/17\/alerta-amarilla-por-tormentas-en-jujuy-preven-lluvias-intensas-granizo-y-rafagas\/","title":{"rendered":"Alerta amarilla por tormentas en jujuy: prev\u00e9n lluvias intensas, granizo y r\u00e1fagas"},"content":{"rendered":"\n<p>El aviso rige para la noche del martes y la madrugada del mi\u00e9rcoles en varias zonas de la provincia.<\/p>\n\n\n\n<p>El\u00a0<strong>Servicio Meteorol\u00f3gico Nacional<\/strong>\u00a0emiti\u00f3 una\u00a0<strong>alerta amarilla por tormentas<\/strong>\u00a0para distintas regiones de Jujuy que se extender\u00e1\u00a0<strong>desde la noche del martes hasta la madrugada del mi\u00e9rcoles<\/strong>.<\/p>\n\n\n\n<p>Seg\u00fan el informe, el \u00e1rea podr\u00eda ser afectada por&nbsp;<strong>tormentas de variada intensidad<\/strong>, algunas&nbsp;<strong>fuertes o puntualmente severas<\/strong>, con condiciones meteorol\u00f3gicas que podr\u00edan provocar complicaciones en distintas localidades.<\/p>\n\n\n\n<h2 class=\"wp-block-heading\">C\u00f3mo ser\u00e1n las tormentas<\/h2>\n\n\n\n<p>De acuerdo al pron\u00f3stico, las tormentas podr\u00edan presentarse con&nbsp;<strong>actividad el\u00e9ctrica frecuente, ca\u00edda de granizo, r\u00e1fagas de viento de hasta 70 km\/h y lluvias intensas en per\u00edodos cortos<\/strong>.<\/p>\n\n\n\n<p>Adem\u00e1s, se estiman&nbsp;<strong>valores de precipitaci\u00f3n acumulada entre 25 y 50 mil\u00edmetros<\/strong>, aunque estas cifras&nbsp;<strong>podr\u00edan superarse de manera local<\/strong>&nbsp;en algunos sectores.<\/p>\n\n\n\n<p>Zonas de Jujuy bajo alerta<br>El aviso alcanza a varias localidades de la provincia, entre ellas:<\/p>\n\n\n\n<p>El Carmen<\/p>\n\n\n\n<p>Ledesma<\/p>\n\n\n\n<p>Palpal\u00e1<\/p>\n\n\n\n<p>San Antonio<\/p>\n\n\n\n<p>San Pedro<\/p>\n\n\n\n<p>Santa B\u00e1rbara<\/p>\n\n\n\n<p>Valle Grande<\/p>\n\n\n\n<p>Zona baja de Doctor Manuel Belgrano<\/p>\n\n\n\n<p>Zona baja de Tilcara<\/p>\n\n\n\n<p>Las autoridades recomiendan seguir de cerca las actualizaciones del pron\u00f3stico ante posibles cambios en la intensidad de los fen\u00f3menos.<\/p>\n\n\n\n<p>Temperaturas previstas en san salvador de jujuy<br>En la capital provincial se espera un martes con temperaturas elevadas y probabilidad de tormentas.<\/p>\n\n\n\n<p>Martes: m\u00e1xima de 33\u00b0 y m\u00ednima de 19\u00b0, con grandes probabilidades de lluvia.<\/p>\n\n\n\n<p>Mi\u00e9rcoles: m\u00e1xima de 25\u00b0 y m\u00ednima de 18\u00b0, con condiciones m\u00e1s inestables.<\/p>\n\n\n\n<p>El descenso de la temperatura se dar\u00eda luego del ingreso del sistema de tormentas.<\/p>\n","protected":false},"excerpt":{"rendered":"<p>El aviso rige para la noche del martes y la madrugada del mi\u00e9rcoles en varias zonas de la provincia. El\u00a0Servicio Meteorol\u00f3gico Nacional\u00a0emiti\u00f3 una\u00a0alerta amarilla por tormentas\u00a0para distintas regiones de Jujuy que se extender\u00e1\u00a0desde la noche del martes hasta la madrugada del mi\u00e9rcoles. Seg\u00fan el informe, el \u00e1rea podr\u00eda ser afectada por&nbsp;tormentas de variada intensidad, algunas&nbsp;fuertes [&hellip;]<\/p>\n","protected":false},"author":7,"featured_media":19860,"comment_status":"open","ping_status":"open","sticky":false,"template":"","format":"standard","meta":{"_themeisle_gutenberg_block_has_review":false,"footnotes":""},"categories":[2711],"tags":[58],"class_list":["post-19859","post","type-post","status-publish","format-standard","has-post-thumbnail","hentry","category-clima","tag-jujuy"],"_links":{"self":[{"href":"https:\/\/horapicodigital.com.ar\/index.php\/wp-json\/wp\/v2\/posts\/19859","targetHints":{"allow":["GET"]}}],"collection":[{"href":"https:\/\/horapicodigital.com.ar\/index.php\/wp-json\/wp\/v2\/posts"}],"about":[{"href":"https:\/\/horapicodigital.com.ar\/index.php\/wp-json\/wp\/v2\/types\/post"}],"author":[{"embeddable":true,"href":"https:\/\/horapicodigital.com.ar\/index.php\/wp-json\/wp\/v2\/users\/7"}],"replies":[{"embeddable":true,"href":"https:\/\/horapicodigital.com.ar\/index.php\/wp-json\/wp\/v2\/comments?post=19859"}],"version-history":[{"count":1,"href":"https:\/\/horapicodigital.com.ar\/index.php\/wp-json\/wp\/v2\/posts\/19859\/revisions"}],"predecessor-version":[{"id":19861,"href":"https:\/\/horapicodigital.com.ar\/index.php\/wp-json\/wp\/v2\/posts\/19859\/revisions\/19861"}],"wp:featuredmedia":[{"embeddable":true,"href":"https:\/\/horapicodigital.com.ar\/index.php\/wp-json\/wp\/v2\/media\/19860"}],"wp:attachment":[{"href":"https:\/\/horapicodigital.com.ar\/index.php\/wp-json\/wp\/v2\/media?parent=19859"}],"wp:term":[{"taxonomy":"category","embeddable":true,"href":"https:\/\/horapicodigital.com.ar\/index.php\/wp-json\/wp\/v2\/categories?post=19859"},{"taxonomy":"post_tag","embeddable":true,"href":"https:\/\/horapicodigital.com.ar\/index.php\/wp-json\/wp\/v2\/tags?post=19859"}],"curies":[{"name":"wp","href":"https:\/\/api.w.org\/{rel}","templated":true}]}}