{"id":19843,"date":"2026-03-16T00:38:37","date_gmt":"2026-03-16T03:38:37","guid":{"rendered":"https:\/\/horapicodigital.com.ar\/?p=19843"},"modified":"2026-03-16T00:38:42","modified_gmt":"2026-03-16T03:38:42","slug":"este-lunes-habra-corte-programado-para-una-localidad-de-la-puna","status":"publish","type":"post","link":"https:\/\/horapicodigital.com.ar\/index.php\/2026\/03\/16\/este-lunes-habra-corte-programado-para-una-localidad-de-la-puna\/","title":{"rendered":"Este lunes habr\u00e1 corte programado para una localidad de la Puna"},"content":{"rendered":"\n<p>La interrupci\u00f3n del servicio se realizar\u00e1 por trabajos de mantenimiento y mejora en el sistema el\u00e9ctrico.<\/p>\n\n\n\n<p>La empresa EJESA inform\u00f3 que el&nbsp;<strong>lunes 16 de marzo<\/strong>&nbsp;se llevar\u00e1 a cabo un&nbsp;<strong>corte programado del servicio el\u00e9ctrico<\/strong>&nbsp;en distintas localidades del interior de la provincia, con el objetivo de realizar tareas de mantenimiento y mejora en la red de distribuci\u00f3n.<\/p>\n\n\n\n<p>Seg\u00fan detallaron desde la empresa, la interrupci\u00f3n del suministro se realizar\u00e1&nbsp;<strong>entre las 10:00 y las 16:00 aproximadamente<\/strong>&nbsp;en la&nbsp;<strong>zona de Pozo Colorado.<\/strong><\/p>\n\n\n\n<p>Las tareas afectar\u00e1n a las localidades de Cochagaste, Casabindo, Santa Ana, Tusaquillas, Sausalito, Alfarcito y&nbsp;<strong>zonas aleda\u00f1as<\/strong>.<\/p>\n\n\n\n<p>Desde la empresa explicaron que estos trabajos forman parte de las tareas destinadas a&nbsp;<strong>modernizar las l\u00edneas el\u00e9ctricas, reforzar estructuras y renovar postes<\/strong>, con el objetivo de mejorar la&nbsp;<strong>seguridad y confiabilidad del servicio el\u00e9ctrico<\/strong>.<\/p>\n\n\n\n<p>Asimismo, solicitaron a la comunidad&nbsp;<strong>tomar las precauciones necesarias durante el horario indicado<\/strong>&nbsp;y difundieron la informaci\u00f3n para que los usuarios est\u00e9n al tanto de la interrupci\u00f3n programada.<\/p>\n\n\n\n<p><\/p>\n","protected":false},"excerpt":{"rendered":"<p>La interrupci\u00f3n del servicio se realizar\u00e1 por trabajos de mantenimiento y mejora en el sistema el\u00e9ctrico. La empresa EJESA inform\u00f3 que el&nbsp;lunes 16 de marzo&nbsp;se llevar\u00e1 a cabo un&nbsp;corte programado del servicio el\u00e9ctrico&nbsp;en distintas localidades del interior de la provincia, con el objetivo de realizar tareas de mantenimiento y mejora en la red de distribuci\u00f3n. [&hellip;]<\/p>\n","protected":false},"author":7,"featured_media":19844,"comment_status":"open","ping_status":"open","sticky":false,"template":"","format":"standard","meta":{"_themeisle_gutenberg_block_has_review":false,"footnotes":""},"categories":[81],"tags":[58],"class_list":["post-19843","post","type-post","status-publish","format-standard","has-post-thumbnail","hentry","category-general","tag-jujuy"],"_links":{"self":[{"href":"https:\/\/horapicodigital.com.ar\/index.php\/wp-json\/wp\/v2\/posts\/19843","targetHints":{"allow":["GET"]}}],"collection":[{"href":"https:\/\/horapicodigital.com.ar\/index.php\/wp-json\/wp\/v2\/posts"}],"about":[{"href":"https:\/\/horapicodigital.com.ar\/index.php\/wp-json\/wp\/v2\/types\/post"}],"author":[{"embeddable":true,"href":"https:\/\/horapicodigital.com.ar\/index.php\/wp-json\/wp\/v2\/users\/7"}],"replies":[{"embeddable":true,"href":"https:\/\/horapicodigital.com.ar\/index.php\/wp-json\/wp\/v2\/comments?post=19843"}],"version-history":[{"count":1,"href":"https:\/\/horapicodigital.com.ar\/index.php\/wp-json\/wp\/v2\/posts\/19843\/revisions"}],"predecessor-version":[{"id":19845,"href":"https:\/\/horapicodigital.com.ar\/index.php\/wp-json\/wp\/v2\/posts\/19843\/revisions\/19845"}],"wp:featuredmedia":[{"embeddable":true,"href":"https:\/\/horapicodigital.com.ar\/index.php\/wp-json\/wp\/v2\/media\/19844"}],"wp:attachment":[{"href":"https:\/\/horapicodigital.com.ar\/index.php\/wp-json\/wp\/v2\/media?parent=19843"}],"wp:term":[{"taxonomy":"category","embeddable":true,"href":"https:\/\/horapicodigital.com.ar\/index.php\/wp-json\/wp\/v2\/categories?post=19843"},{"taxonomy":"post_tag","embeddable":true,"href":"https:\/\/horapicodigital.com.ar\/index.php\/wp-json\/wp\/v2\/tags?post=19843"}],"curies":[{"name":"wp","href":"https:\/\/api.w.org\/{rel}","templated":true}]}}