{"id":19833,"date":"2026-03-15T00:29:40","date_gmt":"2026-03-15T03:29:40","guid":{"rendered":"https:\/\/horapicodigital.com.ar\/?p=19833"},"modified":"2026-03-15T00:29:45","modified_gmt":"2026-03-15T03:29:45","slug":"programaron-para-este-domingo-un-corte-de-energia-en-libertador","status":"publish","type":"post","link":"https:\/\/horapicodigital.com.ar\/index.php\/2026\/03\/15\/programaron-para-este-domingo-un-corte-de-energia-en-libertador\/","title":{"rendered":"Programaron para este domingo un corte de energ\u00eda en Libertador"},"content":{"rendered":"\n<p>La interrupci\u00f3n del servicio se realizar\u00e1 por trabajos de mantenimiento en la red el\u00e9ctrica.<\/p>\n\n\n\n<p>La empresa EJESA inform\u00f3 que el&nbsp;<strong>domingo 15 de marzo<\/strong>&nbsp;se llevar\u00e1 a cabo un&nbsp;<strong>corte programado del suministro el\u00e9ctrico<\/strong>&nbsp;en un sector de Libertador General San Mart\u00edn.<\/p>\n\n\n\n<p>Seg\u00fan detallaron desde la compa\u00f1\u00eda, la interrupci\u00f3n del servicio se realizar\u00e1&nbsp;<strong>entre las 08:00 y las 12:00 aproximadamente<\/strong>&nbsp;y afectar\u00e1 al&nbsp;<strong>barrio Ledesma<\/strong>, espec\u00edficamente en el sector comprendido&nbsp;<strong>entre las calles Gorriti, Sarmiento, G\u00fcemes, 9 de Julio, La Rioja y \u00c9xodo<\/strong>, adem\u00e1s de zonas aleda\u00f1as.<\/p>\n\n\n\n<p>Desde la empresa indicaron que durante ese per\u00edodo se llevar\u00e1n adelante&nbsp;<strong>tareas de mantenimiento destinadas a corregir una conexi\u00f3n defectuosa en un equipo de la red el\u00e9ctrica<\/strong>, con el objetivo de mejorar la&nbsp;<strong>seguridad y el funcionamiento del servicio<\/strong>.<\/p>\n\n\n\n<p>Finalmente, recomendaron a los vecinos&nbsp;<strong>tomar las precauciones necesarias durante el horario informado<\/strong>, ya que el suministro permanecer\u00e1 interrumpido mientras se realicen los trabajos programados.<\/p>\n","protected":false},"excerpt":{"rendered":"<p>La interrupci\u00f3n del servicio se realizar\u00e1 por trabajos de mantenimiento en la red el\u00e9ctrica. La empresa EJESA inform\u00f3 que el&nbsp;domingo 15 de marzo&nbsp;se llevar\u00e1 a cabo un&nbsp;corte programado del suministro el\u00e9ctrico&nbsp;en un sector de Libertador General San Mart\u00edn. Seg\u00fan detallaron desde la compa\u00f1\u00eda, la interrupci\u00f3n del servicio se realizar\u00e1&nbsp;entre las 08:00 y las 12:00 aproximadamente&nbsp;y [&hellip;]<\/p>\n","protected":false},"author":7,"featured_media":19834,"comment_status":"open","ping_status":"open","sticky":false,"template":"","format":"standard","meta":{"_themeisle_gutenberg_block_has_review":false,"footnotes":""},"categories":[81],"tags":[58],"class_list":["post-19833","post","type-post","status-publish","format-standard","has-post-thumbnail","hentry","category-general","tag-jujuy"],"_links":{"self":[{"href":"https:\/\/horapicodigital.com.ar\/index.php\/wp-json\/wp\/v2\/posts\/19833","targetHints":{"allow":["GET"]}}],"collection":[{"href":"https:\/\/horapicodigital.com.ar\/index.php\/wp-json\/wp\/v2\/posts"}],"about":[{"href":"https:\/\/horapicodigital.com.ar\/index.php\/wp-json\/wp\/v2\/types\/post"}],"author":[{"embeddable":true,"href":"https:\/\/horapicodigital.com.ar\/index.php\/wp-json\/wp\/v2\/users\/7"}],"replies":[{"embeddable":true,"href":"https:\/\/horapicodigital.com.ar\/index.php\/wp-json\/wp\/v2\/comments?post=19833"}],"version-history":[{"count":1,"href":"https:\/\/horapicodigital.com.ar\/index.php\/wp-json\/wp\/v2\/posts\/19833\/revisions"}],"predecessor-version":[{"id":19835,"href":"https:\/\/horapicodigital.com.ar\/index.php\/wp-json\/wp\/v2\/posts\/19833\/revisions\/19835"}],"wp:featuredmedia":[{"embeddable":true,"href":"https:\/\/horapicodigital.com.ar\/index.php\/wp-json\/wp\/v2\/media\/19834"}],"wp:attachment":[{"href":"https:\/\/horapicodigital.com.ar\/index.php\/wp-json\/wp\/v2\/media?parent=19833"}],"wp:term":[{"taxonomy":"category","embeddable":true,"href":"https:\/\/horapicodigital.com.ar\/index.php\/wp-json\/wp\/v2\/categories?post=19833"},{"taxonomy":"post_tag","embeddable":true,"href":"https:\/\/horapicodigital.com.ar\/index.php\/wp-json\/wp\/v2\/tags?post=19833"}],"curies":[{"name":"wp","href":"https:\/\/api.w.org\/{rel}","templated":true}]}}