{"id":19820,"date":"2026-03-14T01:27:14","date_gmt":"2026-03-14T04:27:14","guid":{"rendered":"https:\/\/horapicodigital.com.ar\/?p=19820"},"modified":"2026-03-14T01:27:19","modified_gmt":"2026-03-14T04:27:19","slug":"ultimo-momento-javier-milei-sera-el-orador-principal-del-madrid-economic-forum-2026-quien-esta-detras-de-este-foro-liberal","status":"publish","type":"post","link":"https:\/\/horapicodigital.com.ar\/index.php\/2026\/03\/14\/ultimo-momento-javier-milei-sera-el-orador-principal-del-madrid-economic-forum-2026-quien-esta-detras-de-este-foro-liberal\/","title":{"rendered":"\u00daLTIMO MOMENTO | Javier Milei ser\u00e1 el orador principal del Madrid Economic Forum 2026: qui\u00e9n est\u00e1 detr\u00e1s de este foro liberal"},"content":{"rendered":"\n<p>El presidente argentino viajar\u00e1 a Espa\u00f1a para cerrar el <strong>Madrid Economic Forum 2026<\/strong>, un encuentro que re\u00fane a empresarios, economistas y referentes pol\u00edticos del liberalismo internacional. El evento, que se realizar\u00e1 en el Palacio Vistalegre de Madrid, tambi\u00e9n genera debate por los organizadores y el perfil ideol\u00f3gico de sus participantes.<\/p>\n\n\n\n<p>El presidente de Argentina, Javier Milei, participar\u00e1 como <strong>orador principal y encargado del discurso de cierre<\/strong> del <strong>Madrid Economic Forum 2026<\/strong>, un foro econ\u00f3mico que re\u00fane a empresarios, inversores y l\u00edderes pol\u00edticos vinculados al pensamiento liberal y conservador.<\/p>\n\n\n\n<p>El encuentro tendr\u00e1 lugar en el <strong>Palacio Vistalegre de Madrid<\/strong> y prev\u00e9 convocar a miles de asistentes interesados en temas como inversi\u00f3n, emprendimiento, inteligencia artificial, comunicaci\u00f3n y la llamada \u201cbatalla cultural\u201d en el \u00e1mbito econ\u00f3mico y pol\u00edtico.<\/p>\n\n\n\n<p>Seg\u00fan los organizadores, Milei ser\u00e1 el encargado de <strong>cerrar la jornada principal del evento<\/strong>, considerado por sus promotores como uno de los encuentros empresariales m\u00e1s importantes del \u00e1mbito liberal en Espa\u00f1a.<\/p>\n\n\n\n<p>La visita forma parte de una gira internacional del mandatario argentino, que en los \u00faltimos d\u00edas incluy\u00f3 actividades en Estados Unidos y Chile antes de su llegada a Espa\u00f1a.<\/p>\n\n\n\n<h3 class=\"wp-block-heading\">Qui\u00e9n est\u00e1 detr\u00e1s del Madrid Economic Forum<\/h3>\n\n\n\n<p>El <strong>Madrid Economic Forum<\/strong> es impulsado por consultoras privadas y figuras del ecosistema empresarial y tecnol\u00f3gico. Entre los principales promotores aparece el influencer financiero espa\u00f1ol <strong>V\u00edctor Dom\u00ednguez<\/strong>, conocido en redes como \u201cWall Street Wolverine\u201d.<\/p>\n\n\n\n<p>La organizaci\u00f3n del evento est\u00e1 a cargo de dos empresas:<\/p>\n\n\n\n<ul class=\"wp-block-list\">\n<li><strong>Racks Labs<\/strong>, una consultora tecnol\u00f3gica vinculada a proyectos digitales.<\/li>\n\n\n\n<li><strong>Abast<\/strong>, una firma dedicada a asesorar a empresarios y particulares que buscan radicarse en Andorra.<\/li>\n<\/ul>\n\n\n\n<p>El foro busca reunir a referentes del liberalismo econ\u00f3mico y del mundo empresarial para debatir sobre pol\u00edticas de mercado, innovaci\u00f3n y estrategias de crecimiento en el contexto global.<\/p>\n\n\n\n<h3 class=\"wp-block-heading\">Un evento con fuerte contenido pol\u00edtico<\/h3>\n\n\n\n<p>La participaci\u00f3n de Milei tambi\u00e9n tendr\u00e1 un componente pol\u00edtico. Durante su estancia en Espa\u00f1a, el mandatario tiene previsto mantener reuniones con referentes del liberalismo europeo, entre ellos el l\u00edder del partido espa\u00f1ol <strong>Santiago Abascal<\/strong>, dirigente de <strong>Vox<\/strong>.<\/p>\n\n\n\n<p>El evento re\u00fane a economistas, empresarios y pol\u00edticos de tendencia liberal o conservadora de distintos pa\u00edses, y puede congregar a <strong>miles de participantes<\/strong>, con entradas que van desde precios accesibles hasta paquetes VIP de alto valor.<\/p>\n\n\n\n<p>La presencia de Javier Milei como figura central del <strong>Madrid Economic Forum 2026<\/strong> confirma su creciente protagonismo en los espacios internacionales del liberalismo econ\u00f3mico. Mientras sus seguidores destacan su rol como referente de las ideas de libre mercado, cr\u00edticos cuestionan el car\u00e1cter pol\u00edtico del foro y el uso de recursos p\u00fablicos en los viajes presidenciales.<\/p>\n\n\n\n<p>Con su discurso de cierre en Madrid, el mandatario argentino volver\u00e1 a posicionarse en el debate global sobre el rumbo de la econom\u00eda y el papel del Estado en el mundo actual. \ud83c\udf0d\ud83d\udcca<\/p>\n","protected":false},"excerpt":{"rendered":"<p>El presidente argentino viajar\u00e1 a Espa\u00f1a para cerrar el Madrid Economic Forum 2026, un encuentro que re\u00fane a empresarios, economistas y referentes pol\u00edticos del liberalismo internacional. El evento, que se realizar\u00e1 en el Palacio Vistalegre de Madrid, tambi\u00e9n genera debate por los organizadores y el perfil ideol\u00f3gico de sus participantes. El presidente de Argentina, Javier [&hellip;]<\/p>\n","protected":false},"author":7,"featured_media":19821,"comment_status":"open","ping_status":"open","sticky":false,"template":"","format":"standard","meta":{"_themeisle_gutenberg_block_has_review":false,"footnotes":""},"categories":[6],"tags":[19],"class_list":["post-19820","post","type-post","status-publish","format-standard","has-post-thumbnail","hentry","category-economia","tag-mundo"],"_links":{"self":[{"href":"https:\/\/horapicodigital.com.ar\/index.php\/wp-json\/wp\/v2\/posts\/19820","targetHints":{"allow":["GET"]}}],"collection":[{"href":"https:\/\/horapicodigital.com.ar\/index.php\/wp-json\/wp\/v2\/posts"}],"about":[{"href":"https:\/\/horapicodigital.com.ar\/index.php\/wp-json\/wp\/v2\/types\/post"}],"author":[{"embeddable":true,"href":"https:\/\/horapicodigital.com.ar\/index.php\/wp-json\/wp\/v2\/users\/7"}],"replies":[{"embeddable":true,"href":"https:\/\/horapicodigital.com.ar\/index.php\/wp-json\/wp\/v2\/comments?post=19820"}],"version-history":[{"count":1,"href":"https:\/\/horapicodigital.com.ar\/index.php\/wp-json\/wp\/v2\/posts\/19820\/revisions"}],"predecessor-version":[{"id":19822,"href":"https:\/\/horapicodigital.com.ar\/index.php\/wp-json\/wp\/v2\/posts\/19820\/revisions\/19822"}],"wp:featuredmedia":[{"embeddable":true,"href":"https:\/\/horapicodigital.com.ar\/index.php\/wp-json\/wp\/v2\/media\/19821"}],"wp:attachment":[{"href":"https:\/\/horapicodigital.com.ar\/index.php\/wp-json\/wp\/v2\/media?parent=19820"}],"wp:term":[{"taxonomy":"category","embeddable":true,"href":"https:\/\/horapicodigital.com.ar\/index.php\/wp-json\/wp\/v2\/categories?post=19820"},{"taxonomy":"post_tag","embeddable":true,"href":"https:\/\/horapicodigital.com.ar\/index.php\/wp-json\/wp\/v2\/tags?post=19820"}],"curies":[{"name":"wp","href":"https:\/\/api.w.org\/{rel}","templated":true}]}}