{"id":19803,"date":"2026-03-14T00:49:52","date_gmt":"2026-03-14T03:49:52","guid":{"rendered":"https:\/\/horapicodigital.com.ar\/?p=19803"},"modified":"2026-03-14T00:49:58","modified_gmt":"2026-03-14T03:49:58","slug":"asuncion-de-gil-urquiola-le-pedi-que-haga-una-valoracion-del-ministerio-de-seguridad-dijo-carlos-sadir","status":"publish","type":"post","link":"https:\/\/horapicodigital.com.ar\/index.php\/2026\/03\/14\/asuncion-de-gil-urquiola-le-pedi-que-haga-una-valoracion-del-ministerio-de-seguridad-dijo-carlos-sadir\/","title":{"rendered":"Asunci\u00f3n de Gil Urquiola: \u00abLe ped\u00ed que haga una valoraci\u00f3n del Ministerio de Seguridad\u00bb, dijo Carlos Sadir"},"content":{"rendered":"\n<p>El Gobernador de Jujuy particip\u00f3 del acto de asunci\u00f3n de Carlos Ariel Gil Urquiola y habl\u00f3 al respecto. Tambi\u00e9n hizo referencia a la situaci\u00f3n con los gremios.<\/p>\n\n\n\n<p>Este viernes por la tarde, se realiz\u00f3 el acto de asunci\u00f3n del abogado\u00a0<strong>Carlos Ariel Gil Urquiola<\/strong>\u00a0como\u00a0<strong>nuevo secretario de Seguridad P\u00fablica de Jujuy<\/strong>, cargo que se desempe\u00f1a dentro de la estructura del Ministerio de Seguridad de la provincia.<\/p>\n\n\n\n<p>En ese marco, el gobernador Carlos Sadir se refiri\u00f3 al nuevo secretario del \u00e1rea: \u201c<strong>La verdad es que le tengo mucha confianza, lo conozco desde hace muchos a\u00f1os y viene trabajando hace mucho tiempo<\/strong>, no solo en la Polic\u00eda sino tambi\u00e9n en \u00e1reas de la Justicia. Tiene experiencia y conoce el funcionamiento del sistema, as\u00ed que confiamos mucho en el trabajo que va a realizar de ahora en adelante\u201d.<\/p>\n\n\n\n<p>En ese marco, el gobernador Carlos Sadir se refiri\u00f3 al nuevo secretario del \u00e1rea: \u201c<strong>La verdad es que le tengo mucha confianza, lo conozco desde hace muchos a\u00f1os y viene trabajando hace mucho tiempo<\/strong>, no solo en la Polic\u00eda sino tambi\u00e9n en \u00e1reas de la Justicia. Tiene experiencia y conoce el funcionamiento del sistema, as\u00ed que confiamos mucho en el trabajo que va a realizar de ahora en adelante\u201d.<\/p>\n\n\n\n<p><strong>\u201cVa a seguir todav\u00eda a cargo del ministerio hasta que hagamos las designaciones que correspondan.<\/strong>&nbsp;Adem\u00e1s, como secretario le ped\u00ed que haga una valoraci\u00f3n de toda la estructura del Ministerio de Seguridad, desde el organigrama hasta los distintos funcionarios que est\u00e1n ocupando cargos. Esa es la primera tarea que tiene\u201d, a\u00f1adi\u00f3.<\/p>\n\n\n\n<p><strong><em>Tambi\u00e9n aclar\u00f3 que \u00abpor ahora no habr\u00e1 m\u00e1s cambios. Por ahora van a seguir quienes est\u00e1n actualmente, pero se va a hacer una valoraci\u00f3n de todo el organigrama y seguramente de los cargos\u201d.<\/em><\/strong><\/p>\n\n\n\n<h2 class=\"wp-block-heading\"><strong>\u201cMe encuentro a cargo de una cartera bastante complicada\u00bb<\/strong><\/h2>\n\n\n\n<p>El nuevo secretario de Seguridad de Jujuy,&nbsp;<strong>Carlos Ariel Gil Urquiola<\/strong>, habl\u00f3 tras asumir en el cargo: \u201cMe encuentro a cargo de una cartera bastante complicada. Entiendo que voy a dar lo mejor de mi persona, como corresponde, y confiar en el equipo que tenemos\u201d, expres\u00f3.<\/p>\n\n\n\n<p><strong>\u201cTambi\u00e9n, obviamente, consiguiendo el alineamiento que dijo el gobernador, vamos a aportar lo que ser\u00eda el di\u00e1logo.<\/strong>&nbsp;Mediante ese medio, la comprensi\u00f3n y la paciencia, entendemos que se est\u00e1n pasando situaciones complicadas, sobre todo en lo que es la parte salarial\u201d, sostuvo.<\/p>\n\n\n\n<p>\u201cPodr\u00edamos llegar a distintos acuerdos, sobre todo tambi\u00e9n en la parte operativa y en la parte espec\u00edfica que es la cartera de seguridad\u201d, se\u00f1al\u00f3.<\/p>\n\n\n\n<h4 class=\"wp-block-heading\"><em><strong>Resolver los reclamos salariales<\/strong><\/em><\/h4>\n\n\n\n<p>Consultado sobre los objetivos inmediatos de su gesti\u00f3n, Gil Urquiola afirm\u00f3 que uno de los principales desaf\u00edos ser\u00e1 abordar los planteos del personal policial y penitenciario.<\/p>\n\n\n\n<p><strong>\u201cEl principal objetivo es tratar de resolver los planteos salariales, que entendemos que son justos, con el personal policial y tambi\u00e9n con el Servicio Penitenciario.&nbsp;<\/strong>Vamos a diagramar, en base a los principios de la pol\u00edtica p\u00fablica en materia de seguridad, el trabajo que se va a llevar adelante\u201d.<\/p>\n\n\n\n<p>Sobre eventuales cambios dentro de la fuerza, el funcionario indic\u00f3 que se analizar\u00e1n en los pr\u00f3ximos d\u00edas: \u201cEso lo vamos a dejar para pr\u00f3ximos tiempos. S\u00e9 que esto tiene cierta inmediatez y seguramente ser\u00e1 definido en la pr\u00f3xima semana\u201d.<\/p>\n\n\n\n<p><strong>\u201cLa idea es corregir los defectos o falencias que se pudieron observar en distintos lugares, no solamente en la parte operativa,<\/strong>&nbsp;sino tambi\u00e9n en lo que se refiere a investigaci\u00f3n y prevenci\u00f3n de los delitos. Se va a poner mayor \u00e9nfasis en la reorganizaci\u00f3n y distribuci\u00f3n del personal policial y en los recursos necesarios para ello\u201d.<\/p>\n\n\n\n<h2 class=\"wp-block-heading\">Narcomenudeo y trabajo con otras fuerzas<\/h2>\n\n\n\n<p>Consultado sobre el narcomenudeo, reconoci\u00f3 que se trata de uno de los problemas actuales, aunque destac\u00f3 que ya se vienen realizando operativos.<\/p>\n\n\n\n<p><strong>\u201cS\u00ed, es uno de los problemas, pero gracias a Dios en ese aspecto se est\u00e1 trabajando muy fuerte. Tengo conocimiento de medidas que se vienen realizando casi todas las semanas y eso permite combatir este tipo de delitos.&nbsp;<\/strong>Siempre se trabaj\u00f3 de manera conjunta con otras fuerzas, como la Polic\u00eda Federal y Gendarmer\u00eda, especialmente desde que se provincializ\u00f3 el narcomenudeo\u201d.<\/p>\n\n\n\n<p>Respecto a las zonas que presentan mayores desaf\u00edos en materia de seguridad, el secretario mencion\u00f3 distintos sectores de la provincia.<\/p>\n\n\n\n<p>\u201cSabemos muy bien que Alto Comedero es uno de los barrios m\u00e1s grandes y complejos. Yo lo viv\u00ed porque fui fiscal all\u00ed. Es una zona que requiere mucha atenci\u00f3n. Tambi\u00e9n en el Ramal y en la zona de Perico hay fen\u00f3menos de delincuencia y cuestiones de seguridad que hay que resolver de manera inmediata. Todas tienen importancia, porque el vecino es el que sufre d\u00eda a d\u00eda los hechos de inseguridad\u201d.<\/p>\n\n\n\n<p><strong><em>Sobre posibles cambios en la distribuci\u00f3n del personal policial, reiter\u00f3 que se trata de una cuesti\u00f3n que ser\u00e1 analizada en los pr\u00f3ximos d\u00edas, \u201ceso va a ser motivo de an\u00e1lisis en el corto plazo\u201d, concluy\u00f3.<\/em><\/strong><\/p>\n","protected":false},"excerpt":{"rendered":"<p>El Gobernador de Jujuy particip\u00f3 del acto de asunci\u00f3n de Carlos Ariel Gil Urquiola y habl\u00f3 al respecto. Tambi\u00e9n hizo referencia a la situaci\u00f3n con los gremios. Este viernes por la tarde, se realiz\u00f3 el acto de asunci\u00f3n del abogado\u00a0Carlos Ariel Gil Urquiola\u00a0como\u00a0nuevo secretario de Seguridad P\u00fablica de Jujuy, cargo que se desempe\u00f1a dentro de [&hellip;]<\/p>\n","protected":false},"author":7,"featured_media":19804,"comment_status":"open","ping_status":"open","sticky":false,"template":"","format":"standard","meta":{"_themeisle_gutenberg_block_has_review":false,"footnotes":""},"categories":[81,33],"tags":[58],"class_list":["post-19803","post","type-post","status-publish","format-standard","has-post-thumbnail","hentry","category-general","category-politica","tag-jujuy"],"_links":{"self":[{"href":"https:\/\/horapicodigital.com.ar\/index.php\/wp-json\/wp\/v2\/posts\/19803","targetHints":{"allow":["GET"]}}],"collection":[{"href":"https:\/\/horapicodigital.com.ar\/index.php\/wp-json\/wp\/v2\/posts"}],"about":[{"href":"https:\/\/horapicodigital.com.ar\/index.php\/wp-json\/wp\/v2\/types\/post"}],"author":[{"embeddable":true,"href":"https:\/\/horapicodigital.com.ar\/index.php\/wp-json\/wp\/v2\/users\/7"}],"replies":[{"embeddable":true,"href":"https:\/\/horapicodigital.com.ar\/index.php\/wp-json\/wp\/v2\/comments?post=19803"}],"version-history":[{"count":1,"href":"https:\/\/horapicodigital.com.ar\/index.php\/wp-json\/wp\/v2\/posts\/19803\/revisions"}],"predecessor-version":[{"id":19805,"href":"https:\/\/horapicodigital.com.ar\/index.php\/wp-json\/wp\/v2\/posts\/19803\/revisions\/19805"}],"wp:featuredmedia":[{"embeddable":true,"href":"https:\/\/horapicodigital.com.ar\/index.php\/wp-json\/wp\/v2\/media\/19804"}],"wp:attachment":[{"href":"https:\/\/horapicodigital.com.ar\/index.php\/wp-json\/wp\/v2\/media?parent=19803"}],"wp:term":[{"taxonomy":"category","embeddable":true,"href":"https:\/\/horapicodigital.com.ar\/index.php\/wp-json\/wp\/v2\/categories?post=19803"},{"taxonomy":"post_tag","embeddable":true,"href":"https:\/\/horapicodigital.com.ar\/index.php\/wp-json\/wp\/v2\/tags?post=19803"}],"curies":[{"name":"wp","href":"https:\/\/api.w.org\/{rel}","templated":true}]}}