{"id":19786,"date":"2026-03-13T00:34:03","date_gmt":"2026-03-13T03:34:03","guid":{"rendered":"https:\/\/horapicodigital.com.ar\/?p=19786"},"modified":"2026-03-13T00:34:08","modified_gmt":"2026-03-13T03:34:08","slug":"el-gobierno-de-jujuy-retoma-las-mesas-paritarias-con-los-sindicatos-estatales","status":"publish","type":"post","link":"https:\/\/horapicodigital.com.ar\/index.php\/2026\/03\/13\/el-gobierno-de-jujuy-retoma-las-mesas-paritarias-con-los-sindicatos-estatales\/","title":{"rendered":"El Gobierno de Jujuy retoma las mesas paritarias con los sindicatos estatales"},"content":{"rendered":"\n<p>El Ejecutivo convocar\u00e1 a los representantes de los trabajadores de la administraci\u00f3n p\u00fablica para dar continuidad al di\u00e1logo.<\/p>\n\n\n\n<p><strong>El Gobierno de Jujuy anunci\u00f3 la reanudaci\u00f3n de las negociaciones salariales<\/strong>\u00a0con los sindicatos estatales. El secretario de Trabajo y Empleo, Andr\u00e9s Lazarte, indic\u00f3 que la pr\u00f3xima semana se retomar\u00e1n las mesas de di\u00e1logo con los representantes de los distintos sectores.<\/p>\n\n\n\n<p>\u201cQueremos llevar tranquilidad para todos los \u00e1mbitos de la administraci\u00f3n p\u00fablica y comunicar que van a ser convocados los d\u00edas lunes y martes. Se generar\u00e1 una agenda de trabajo para dialogar con cada sindicato\u201d, precis\u00f3 el funcionario.<\/p>\n\n\n\n<p>\u00abVamos a charlar de manera individual con cada uno de los gremios con el objetivo de, como lo venimos haciendo,&nbsp;<strong>articular las necesidades propias de cada \u00e1rea<\/strong>\u00ab, expres\u00f3 el titular de Trabajo y Empleo.<\/p>\n\n\n\n<p>Lazarte sostuvo que en las pr\u00f3ximas horas comenzar\u00e1n a emitirse las convocatorias a las mesas de di\u00e1logo. En ese sentido, ratific\u00f3 la decisi\u00f3n de sostener conversaciones con la totalidad de los espacios, garantizando el abordaje de las demandas de cada sector para avanzar en acuerdos que contemplen la realidad de la administraci\u00f3n p\u00fablica provincial.<\/p>\n","protected":false},"excerpt":{"rendered":"<p>El Ejecutivo convocar\u00e1 a los representantes de los trabajadores de la administraci\u00f3n p\u00fablica para dar continuidad al di\u00e1logo. El Gobierno de Jujuy anunci\u00f3 la reanudaci\u00f3n de las negociaciones salariales\u00a0con los sindicatos estatales. El secretario de Trabajo y Empleo, Andr\u00e9s Lazarte, indic\u00f3 que la pr\u00f3xima semana se retomar\u00e1n las mesas de di\u00e1logo con los representantes de [&hellip;]<\/p>\n","protected":false},"author":7,"featured_media":19787,"comment_status":"open","ping_status":"open","sticky":false,"template":"","format":"standard","meta":{"_themeisle_gutenberg_block_has_review":false,"footnotes":""},"categories":[33],"tags":[58],"class_list":["post-19786","post","type-post","status-publish","format-standard","has-post-thumbnail","hentry","category-politica","tag-jujuy"],"_links":{"self":[{"href":"https:\/\/horapicodigital.com.ar\/index.php\/wp-json\/wp\/v2\/posts\/19786","targetHints":{"allow":["GET"]}}],"collection":[{"href":"https:\/\/horapicodigital.com.ar\/index.php\/wp-json\/wp\/v2\/posts"}],"about":[{"href":"https:\/\/horapicodigital.com.ar\/index.php\/wp-json\/wp\/v2\/types\/post"}],"author":[{"embeddable":true,"href":"https:\/\/horapicodigital.com.ar\/index.php\/wp-json\/wp\/v2\/users\/7"}],"replies":[{"embeddable":true,"href":"https:\/\/horapicodigital.com.ar\/index.php\/wp-json\/wp\/v2\/comments?post=19786"}],"version-history":[{"count":1,"href":"https:\/\/horapicodigital.com.ar\/index.php\/wp-json\/wp\/v2\/posts\/19786\/revisions"}],"predecessor-version":[{"id":19788,"href":"https:\/\/horapicodigital.com.ar\/index.php\/wp-json\/wp\/v2\/posts\/19786\/revisions\/19788"}],"wp:featuredmedia":[{"embeddable":true,"href":"https:\/\/horapicodigital.com.ar\/index.php\/wp-json\/wp\/v2\/media\/19787"}],"wp:attachment":[{"href":"https:\/\/horapicodigital.com.ar\/index.php\/wp-json\/wp\/v2\/media?parent=19786"}],"wp:term":[{"taxonomy":"category","embeddable":true,"href":"https:\/\/horapicodigital.com.ar\/index.php\/wp-json\/wp\/v2\/categories?post=19786"},{"taxonomy":"post_tag","embeddable":true,"href":"https:\/\/horapicodigital.com.ar\/index.php\/wp-json\/wp\/v2\/tags?post=19786"}],"curies":[{"name":"wp","href":"https:\/\/api.w.org\/{rel}","templated":true}]}}