{"id":19740,"date":"2026-03-11T00:13:19","date_gmt":"2026-03-11T03:13:19","guid":{"rendered":"https:\/\/horapicodigital.com.ar\/?p=19740"},"modified":"2026-03-11T00:13:24","modified_gmt":"2026-03-11T03:13:24","slug":"begu-2026-se-conocieron-las-fechas-de-las-inscripciones","status":"publish","type":"post","link":"https:\/\/horapicodigital.com.ar\/index.php\/2026\/03\/11\/begu-2026-se-conocieron-las-fechas-de-las-inscripciones\/","title":{"rendered":"BEGU 2026: se conocieron las fechas de las inscripciones"},"content":{"rendered":"\n<p>Se confirm\u00f3 la fecha de inscripci\u00f3n online para acceder al beneficio del BEGU que alcanza a estudiantes secundarios, terciarios y universitarios.<\/p>\n\n\n\n<p>Ya est\u00e1n definidas las fechas de inscripci\u00f3n para acceder al<strong>\u00a0BEGU<\/strong>\u00a0(Boleto Estudiantil Gratuito Universal\u00a0correspondiente al ciclo 2026.<\/p>\n\n\n\n<p>Seg\u00fan se detall\u00f3 desde el municipio, los estudiantes del nivel secundario podr\u00e1n realizar la inscripci\u00f3n&nbsp;<strong>desde el 18 de marzo hasta el 17 de abril<\/strong>, mientras que para los alumnos de nivel terciario y universitario el per\u00edodo se habilitar\u00e1&nbsp;<strong>del 6 al 24 de abril<\/strong>. El tr\u00e1mite deber\u00e1 completarse de manera online a trav\u00e9s de la p\u00e1gina oficial del municipio.<\/p>\n\n\n\n<h2 class=\"wp-block-heading\">BEGU 2026: Los requisitos que deben reunir los estudiantes<\/h2>\n\n\n\n<p>La directora de Atributos Sociales, Cinthya Haquim, explic\u00f3 que desde el \u00e1rea ya se trabaja en la organizaci\u00f3n del beneficio para los distintos niveles educativos. En ese marco, detall\u00f3 que los estudiantes secundarios deber\u00e1n presentar:<\/p>\n\n\n\n<ul class=\"wp-block-list\">\n<li>DNI<\/li>\n\n\n\n<li>Contar con una tarjeta asociada a su nombre<\/li>\n\n\n\n<li>Presentar una constancia de alumno regular actualizada al ciclo lectivo vigente.<\/li>\n<\/ul>\n\n\n\n<p>En el caso de los estudiantes terciarios y universitarios, deber\u00e1n cumplir con los mismos requisitos. Adem\u00e1s, los universitarios deber\u00e1n acreditar su condici\u00f3n de alumnos activos mediante un certificado emitido por la instituci\u00f3n educativa.<\/p>\n\n\n\n<p>Desde el municipio tambi\u00e9n solicitaron a las instituciones educativas que env\u00eden los listados de estudiantes al correo habilitado para agilizar el proceso administrativo. Asimismo, recordaron que el sistema de inscripci\u00f3n se mantendr\u00e1 igual que en a\u00f1os anteriores: una vez aprobada la solicitud, el estudiante deber\u00e1 presentarse con su DNI en cualquiera de los puntos de atenci\u00f3n para habilitar el beneficio.<\/p>\n\n\n\n<h2 class=\"wp-block-heading\">BEGU 2026: cu\u00e1les son los centros de atenci\u00f3n<\/h2>\n\n\n\n<p>Para consultas o asistencia con el tr\u00e1mite, los estudiantes podr\u00e1n acercarse a los distintos centros de atenci\u00f3n ubicados en:<\/p>\n\n\n\n<ul class=\"wp-block-list\">\n<li>Tumusla 625<\/li>\n\n\n\n<li>Edificio municipal de avenida El \u00c9xodo 215<\/li>\n\n\n\n<li>Direcci\u00f3n General de Rentas sobre Hip\u00f3lito Yrigoyen<\/li>\n\n\n\n<li>Delegaci\u00f3n de Villa Jard\u00edn de Reyes<\/li>\n\n\n\n<li>CPV Malvinas<\/li>\n\n\n\n<li>CPV Chijra<\/li>\n\n\n\n<li>CPV Santa Ana en Alto Comedero<\/li>\n<\/ul>\n","protected":false},"excerpt":{"rendered":"<p>Se confirm\u00f3 la fecha de inscripci\u00f3n online para acceder al beneficio del BEGU que alcanza a estudiantes secundarios, terciarios y universitarios. Ya est\u00e1n definidas las fechas de inscripci\u00f3n para acceder al\u00a0BEGU\u00a0(Boleto Estudiantil Gratuito Universal\u00a0correspondiente al ciclo 2026. Seg\u00fan se detall\u00f3 desde el municipio, los estudiantes del nivel secundario podr\u00e1n realizar la inscripci\u00f3n&nbsp;desde el 18 de [&hellip;]<\/p>\n","protected":false},"author":7,"featured_media":19741,"comment_status":"open","ping_status":"open","sticky":false,"template":"","format":"standard","meta":{"_themeisle_gutenberg_block_has_review":false,"footnotes":""},"categories":[6,81,118],"tags":[58],"class_list":["post-19740","post","type-post","status-publish","format-standard","has-post-thumbnail","hentry","category-economia","category-general","category-sociedad","tag-jujuy"],"_links":{"self":[{"href":"https:\/\/horapicodigital.com.ar\/index.php\/wp-json\/wp\/v2\/posts\/19740","targetHints":{"allow":["GET"]}}],"collection":[{"href":"https:\/\/horapicodigital.com.ar\/index.php\/wp-json\/wp\/v2\/posts"}],"about":[{"href":"https:\/\/horapicodigital.com.ar\/index.php\/wp-json\/wp\/v2\/types\/post"}],"author":[{"embeddable":true,"href":"https:\/\/horapicodigital.com.ar\/index.php\/wp-json\/wp\/v2\/users\/7"}],"replies":[{"embeddable":true,"href":"https:\/\/horapicodigital.com.ar\/index.php\/wp-json\/wp\/v2\/comments?post=19740"}],"version-history":[{"count":1,"href":"https:\/\/horapicodigital.com.ar\/index.php\/wp-json\/wp\/v2\/posts\/19740\/revisions"}],"predecessor-version":[{"id":19742,"href":"https:\/\/horapicodigital.com.ar\/index.php\/wp-json\/wp\/v2\/posts\/19740\/revisions\/19742"}],"wp:featuredmedia":[{"embeddable":true,"href":"https:\/\/horapicodigital.com.ar\/index.php\/wp-json\/wp\/v2\/media\/19741"}],"wp:attachment":[{"href":"https:\/\/horapicodigital.com.ar\/index.php\/wp-json\/wp\/v2\/media?parent=19740"}],"wp:term":[{"taxonomy":"category","embeddable":true,"href":"https:\/\/horapicodigital.com.ar\/index.php\/wp-json\/wp\/v2\/categories?post=19740"},{"taxonomy":"post_tag","embeddable":true,"href":"https:\/\/horapicodigital.com.ar\/index.php\/wp-json\/wp\/v2\/tags?post=19740"}],"curies":[{"name":"wp","href":"https:\/\/api.w.org\/{rel}","templated":true}]}}