{"id":19595,"date":"2026-03-05T00:48:37","date_gmt":"2026-03-05T03:48:37","guid":{"rendered":"https:\/\/horapicodigital.com.ar\/?p=19595"},"modified":"2026-03-05T00:48:44","modified_gmt":"2026-03-05T03:48:44","slug":"invitan-a-participar-de-una-charla-debate-sobre-la-reforma-laboral","status":"publish","type":"post","link":"https:\/\/horapicodigital.com.ar\/index.php\/2026\/03\/05\/invitan-a-participar-de-una-charla-debate-sobre-la-reforma-laboral\/","title":{"rendered":"Invitan a participar de una charla-debate sobre la Reforma Laboral"},"content":{"rendered":"\n<p>La propuesta ser\u00e1 el pr\u00f3ximo lunes 9 de marzo en el hotel Howard Johnson a partir de las 19:00 horas<\/p>\n\n\n\n<p><strong>El pr\u00f3ximo lunes 9 de marzo se realizar\u00e1 una charla-debate que tendr\u00e1 como tema central la Reforma Laboral.<\/strong>&nbsp;El encuentro ser\u00e1 desde las 19 horas en el Hotel Howard Johnson ubicado sobre calle G\u00fcemes de la ciudad capital.<\/p>\n\n\n<div class=\"wp-block-image\">\n<figure class=\"aligncenter size-full\"><img loading=\"lazy\" decoding=\"async\" width=\"570\" height=\"718\" src=\"https:\/\/horapicodigital.com.ar\/wp-content\/uploads\/2026\/03\/Screenshot-2026-03-05-004724.png\" alt=\"\" class=\"wp-image-19597\" srcset=\"https:\/\/horapicodigital.com.ar\/wp-content\/uploads\/2026\/03\/Screenshot-2026-03-05-004724.png 570w, https:\/\/horapicodigital.com.ar\/wp-content\/uploads\/2026\/03\/Screenshot-2026-03-05-004724-238x300.png 238w\" sizes=\"auto, (max-width: 570px) 100vw, 570px\" \/><\/figure>\n<\/div>\n\n\n<p>El ex diputado provincial,<strong>&nbsp;Juan Jenefes&nbsp;<\/strong>invit\u00f3 a aquellos interesados a sumarse a la propuesta.&nbsp;<strong>\u201cVamos a contar con la presencia de pol\u00edticos,&nbsp;<\/strong>con el presidente del bloque del Frente de Izquierda de los Trabajadores, Alejandro Vilca, con el presidente del bloque del Partido de la Libertad Avanza, el doctor Federico Canedi. Adem\u00e1s, contaremos con la presencia del secretario general de UPCN, Luis Cabana, y despu\u00e9s vamos a tener el honor de tener a los doctores Pablo M\u00e1rmol y Arturo Pfister para que nos expliquen de los aspectos jur\u00eddicos de esta ley\u201d, a\u00f1adi\u00f3.<\/p>\n\n\n<div class=\"wp-block-image\">\n<figure class=\"aligncenter size-full\"><img loading=\"lazy\" decoding=\"async\" width=\"561\" height=\"704\" src=\"https:\/\/horapicodigital.com.ar\/wp-content\/uploads\/2026\/03\/Screenshot-2026-03-05-004658.png\" alt=\"\" class=\"wp-image-19596\" srcset=\"https:\/\/horapicodigital.com.ar\/wp-content\/uploads\/2026\/03\/Screenshot-2026-03-05-004658.png 561w, https:\/\/horapicodigital.com.ar\/wp-content\/uploads\/2026\/03\/Screenshot-2026-03-05-004658-239x300.png 239w\" sizes=\"auto, (max-width: 561px) 100vw, 561px\" \/><\/figure>\n<\/div>","protected":false},"excerpt":{"rendered":"<p>La propuesta ser\u00e1 el pr\u00f3ximo lunes 9 de marzo en el hotel Howard Johnson a partir de las 19:00 horas El pr\u00f3ximo lunes 9 de marzo se realizar\u00e1 una charla-debate que tendr\u00e1 como tema central la Reforma Laboral.&nbsp;El encuentro ser\u00e1 desde las 19 horas en el Hotel Howard Johnson ubicado sobre calle G\u00fcemes de la [&hellip;]<\/p>\n","protected":false},"author":7,"featured_media":19598,"comment_status":"open","ping_status":"open","sticky":false,"template":"","format":"standard","meta":{"_themeisle_gutenberg_block_has_review":false,"footnotes":""},"categories":[33],"tags":[58],"class_list":["post-19595","post","type-post","status-publish","format-standard","has-post-thumbnail","hentry","category-politica","tag-jujuy"],"_links":{"self":[{"href":"https:\/\/horapicodigital.com.ar\/index.php\/wp-json\/wp\/v2\/posts\/19595","targetHints":{"allow":["GET"]}}],"collection":[{"href":"https:\/\/horapicodigital.com.ar\/index.php\/wp-json\/wp\/v2\/posts"}],"about":[{"href":"https:\/\/horapicodigital.com.ar\/index.php\/wp-json\/wp\/v2\/types\/post"}],"author":[{"embeddable":true,"href":"https:\/\/horapicodigital.com.ar\/index.php\/wp-json\/wp\/v2\/users\/7"}],"replies":[{"embeddable":true,"href":"https:\/\/horapicodigital.com.ar\/index.php\/wp-json\/wp\/v2\/comments?post=19595"}],"version-history":[{"count":1,"href":"https:\/\/horapicodigital.com.ar\/index.php\/wp-json\/wp\/v2\/posts\/19595\/revisions"}],"predecessor-version":[{"id":19599,"href":"https:\/\/horapicodigital.com.ar\/index.php\/wp-json\/wp\/v2\/posts\/19595\/revisions\/19599"}],"wp:featuredmedia":[{"embeddable":true,"href":"https:\/\/horapicodigital.com.ar\/index.php\/wp-json\/wp\/v2\/media\/19598"}],"wp:attachment":[{"href":"https:\/\/horapicodigital.com.ar\/index.php\/wp-json\/wp\/v2\/media?parent=19595"}],"wp:term":[{"taxonomy":"category","embeddable":true,"href":"https:\/\/horapicodigital.com.ar\/index.php\/wp-json\/wp\/v2\/categories?post=19595"},{"taxonomy":"post_tag","embeddable":true,"href":"https:\/\/horapicodigital.com.ar\/index.php\/wp-json\/wp\/v2\/tags?post=19595"}],"curies":[{"name":"wp","href":"https:\/\/api.w.org\/{rel}","templated":true}]}}